{"id":115,"date":"2022-06-05T03:28:43","date_gmt":"2022-06-05T01:28:43","guid":{"rendered":"https:\/\/ellelabiencherche.com\/?p=115"},"modified":"2025-01-17T02:46:28","modified_gmt":"2025-01-17T01:46:28","slug":"parler-du-feminisme-en-soiree","status":"publish","type":"post","link":"https:\/\/ellelabiencherche.com\/index.php\/2022\/06\/05\/parler-du-feminisme-en-soiree\/","title":{"rendered":"Parler du f\u00e9minisme en soir\u00e9e"},"content":{"rendered":"\n<div class=\"wp-block-group\"><div class=\"wp-block-group__inner-container is-layout-flow wp-block-group-is-layout-flow\">\n<p class=\"has-vivid-cyan-blue-color has-text-color\"><em>\u201c &#8211; Et toi tu fais quoi dans la vie ?<\/em><\/p>\n\n\n\n<p class=\"has-vivid-cyan-blue-color has-text-color\"> &#8211; <em>Je suis orthophoniste, plus r\u00e9cemment praticienne en hypnose, et il m\u2019arrive \u00e9galement de faire des interventions sur l\u2019\u00e9galit\u00e9 entre les hommes et les femmes ou sur les violences sexuelles.\u201d<\/em><\/p>\n<\/div><\/div>\n\n\n\n<p>Il n\u2019en faut g\u00e9n\u00e9ralement pas plus pour que le sujet se lance, pas sp\u00e9cialement \u00e0 mon initiative d\u2019ailleurs. Le simple fait de mentionner le sujet de l\u2019\u00e9galit\u00e9 femme-homme (et je n\u2019ai m\u00eame pas prononc\u00e9 initialement le mot \u201cf\u00e9minisme\u201d), suffit \u00e0 g\u00e9n\u00e9rer tout un tas de repr\u00e9sentations, d\u2019affirmations et de ressentis, plus ou moins fantasm\u00e9s.<\/p>\n\n\n\n<p>Une amie me faisait remarquer que ce qui s\u2019exprime comme un ressenti doit \u00eatre \u00e9cout\u00e9 et pris en compte. J\u2019\u00e9tais moins d\u2019accord quand elle me disait que ces ressentis devaient inciter le f\u00e9minisme \u00e0 mettre de l\u2019eau dans son vin et \u00e0 \u00eatre moins clivant et agressif (on en parlera dans cet article). Il serait en tout cas difficile de passer \u00e0 c\u00f4t\u00e9 de ces points de vue, puisque la plupart sont <strong>au coeur m\u00eame du combat f\u00e9ministe<\/strong>.<\/p>\n\n\n\n<h1 class=\"has-vivid-purple-color has-text-color wp-block-heading\">L&#8217;instinct maternel<\/h1>\n\n\n\n<div class=\"wp-block-group\"><div class=\"wp-block-group__inner-container is-layout-flow wp-block-group-is-layout-flow\">\n<div class=\"wp-block-group is-vertical is-layout-flex wp-container-core-group-is-layout-8cf370e7 wp-block-group-is-layout-flex\">\n<p class=\"has-vivid-cyan-blue-color has-text-color\"><em>\u201c &#8211; ah moi j\u2019ai des visions plut\u00f4t traditionnelles sur la question [ndlr la question de l\u2019\u00e9galit\u00e9 femme-homme].&nbsp;<\/em><\/p>\n\n\n\n<p class=\"has-vivid-cyan-blue-color has-text-color\">&#8211; ah bon, lesquelles ?<\/p>\n\n\n\n<p class=\"has-vivid-cyan-blue-color has-text-color\"><em>&#8211; je pense par exemple qu\u2019une femme devrait rester avec son enfant la premi\u00e8re ann\u00e9e de vie, c\u2019est dans l\u2019ordre normal des choses\u201d.<\/em><\/p>\n<\/div>\n<\/div><\/div>\n\n\n\n<p>S\u2019en suit une longue discussion sur <mark style=\"background-color:rgba(0, 0, 0, 0)\" class=\"has-inline-color has-vivid-red-color\"><strong>l\u2019instinct maternel <\/strong><\/mark>et l\u2019id\u00e9e qu\u2019il est beaucoup plus <strong>naturel<\/strong> pour les femmes de s\u2019occuper des enfants, parce qu\u2019elles les ont port\u00e9 pendant 9 mois dans leur ventre.&nbsp;&nbsp;<\/p>\n\n\n\n<p>A vrai dire, assez na\u00efvement, je pensais jusqu\u2019\u00e0 assez r\u00e9cemment que cette question \u00e9tait un peu d\u00e9pass\u00e9e, et qu\u2019elle appartenait, comme le disait mon interlocuteur, \u00e0 une vision tr\u00e8s traditionnelle largement remise en question par les jeunes g\u00e9n\u00e9rations, l\u2019\u00e9mergence d\u2019autres forme de parentalit\u00e9, les nouveaux p\u00e8res, <em>etc<\/em>. Que nenni !! Je crois que c\u2019est l\u2019argument que j\u2019entends le plus souvent, toutes personnes confondues.&nbsp;<\/p>\n\n\n\n<p>Alors oui, il existe un d\u00e9bat sur la r\u00e9alit\u00e9 biologique de l\u2019instinct maternel. Certaines autrices, anthropologues, neurobiologistes (Elizabeth Badinter, Fran\u00e7oise H\u00e9ritier, Catherine Vidal) consid\u00e8rent que l\u2019instinct maternel n\u2019existe pas mais que le sentiment d\u2019amour et la capacit\u00e9 \u00e0 s\u2019occuper des enfants est quelque chose qui s\u2019apprend, qui est culturel.<\/p>\n\n\n\n<p>D\u2019autres s\u2019appuient sur une \u00e9tude scientifique qui montre que les pleurs des b\u00e9b\u00e9s n\u2019activent pas les m\u00eames zones du cerveau chez les femmes et chez les hommes, pour dire que l\u2019instinct maternel est biologiquement prouv\u00e9.&nbsp;<\/p>\n\n\n\n<p>Sans compter l\u2019\u00e9ternelle question des hormones (testost\u00e9rone, ocytocine) dont on n\u2019a toujours pas prouv\u00e9 \u00e0 l\u2019heure actuelle qu\u2019elles sous tendraient des comportements diff\u00e9renci\u00e9s chez les hommes et chez les femmes (voir \u00e0 ce sujet l&#8217;excellent <a rel=\"noreferrer noopener\" href=\"http:\/\/allodoxia.odilefillod.fr\/\" target=\"_blank\">blog<\/a> de Odile Fillot qui s&#8217;est int\u00e9ress\u00e9e \u00e0 cette question, ainsi que son interview dans <a rel=\"noreferrer noopener\" href=\"https:\/\/metadechoc.fr\/podcast\/les-hommes-les-femmes-mars-et-venus\/\" target=\"_blank\">cet \u00e9pisode<\/a> du podcast <a rel=\"noreferrer noopener\" href=\"https:\/\/metadechoc.fr\/\" target=\"_blank\">M\u00e9ta de choc<\/a>).<\/p>\n\n\n\n<p>Mais est-on vraiment oblig\u00e9 de rentrer dans ce d\u00e9bat de l\u2019inn\u00e9 et de l\u2019acquis, dans des consid\u00e9rations neurobiologiques pour d\u00e9noncer un raccourci trop souvent emprunt\u00e9 pour justifier cette pens\u00e9e caricaturale :&nbsp; les femmes seraient naturellement programm\u00e9es pour les qualit\u00e9s du <strong><mark style=\"background-color:rgba(0, 0, 0, 0)\" class=\"has-inline-color has-vivid-red-color\"><em>care<\/em><\/mark><\/strong> (aider, s&#8217;occuper de, soigner), les espaces domestiques, l&#8217;\u00e9ducation&#8230; Tandis que les hommes seraient naturellement tourn\u00e9s vers les espaces ext\u00e9rieurs, le travail r\u00e9mun\u00e9r\u00e9, naturellement moins comp\u00e9tents pour s&#8217;occuper des enfants ou passer l&#8217;aspirateur ?<\/p>\n\n\n\n<p>Bien souvent, lors de ces conversations, constater ensemble que de nombreuses femmes n\u2019ont pas \u201cl\u2019instinct maternel\u201d et ne savent pas par nature s\u2019occuper d\u2019un enfant, que les abandons et les infanticides ont toujours exist\u00e9, et qu\u2019il existe \u00e0 l\u2019inverse de nombreux papas s\u2019occupant parfaitement de leur jeune enfant, m\u00eame seuls, ne suffit pas tout \u00e0 fait \u00e0 nuancer cette vision. <\/p>\n\n\n\n<p>Devant cet accrochage de mon interlocuteur \u00e0 cette notion (&#8220;oui mais quand m\u00eame, nous, on les a pas port\u00e9s dans notre ventre&#8221; face \u00e0 tout argument), je me dis que le <strong>d\u00e9terminisme biologique<\/strong> a bon dos pour <strong>justifier des in\u00e9galit\u00e9s<\/strong> d\u00e9j\u00e0 existantes et bien ancr\u00e9es dans notre soci\u00e9t\u00e9. <\/p>\n\n\n\n<p>Ces in\u00e9galit\u00e9s s&#8217;op\u00e8rent dans la sph\u00e8re domestique quand il s&#8217;agit de d\u00e9cider (de mani\u00e8re explicite ou implicite) qui s&#8217;occupe des enfants, qui fait les t\u00e2ches m\u00e9nag\u00e8res, qui prend un cong\u00e9 parental, qui arr\u00eate de travailler pour s&#8217;occuper d&#8217;un enfant handicap\u00e9, qui sera aidant familial pour son parent \u00e2g\u00e9 d\u00e9pendant. <\/p>\n\n\n\n<p>Dans son livre <a rel=\"noreferrer noopener\" href=\"https:\/\/www.editionslibertalia.com\/catalogue\/poche\/dix-questions-sur-le-feminisme\" target=\"_blank\">10 questions sur le f\u00e9minisme<\/a>, Val\u00e9rie Rey-Robert revient sur la notion de travail domestique gratuit comme oppression et exploitation des femmes. Christine Delphy, sociologue l&#8217;a expos\u00e9e dans son livre &#8220;L&#8217;ennemi principal&#8221; et montre que cette exploitation domestique est garantie par le fait que l&#8217;on consid\u00e8re que ces derni\u00e8res ont des qualit\u00e9s naturelles pour r\u00e9aliser ce travail, ce qui explique que sa gratuit\u00e9 semble aussi naturelle.<\/p>\n\n\n\n<p>En France, <strong>les femmes assument 64% des t\u00e2ches domestiques<\/strong>, 72% lorsqu&#8217;on restreint aux t\u00e2ches m\u00e9nag\u00e8res. Elles r\u00e9alisent 65% des t\u00e2ches parentales. <strong>La charge mentale n&#8217;est pas comptabilis\u00e9e<\/strong>. Dans le partage des t\u00e2ches, on constate que si les hommes en font un peu plus compar\u00e9 \u00e0 il y a 25 ans, c&#8217;est qu&#8217;ils ont augment\u00e9 le temps de loisir pass\u00e9 avec les enfants, les m\u00e8res assurant toujours autant les t\u00e2ches ingrates et r\u00e9p\u00e9titives. Les m\u00e8res sont g\u00e9n\u00e9ralement plus fatigu\u00e9es, plus stress\u00e9es et moins heureuses que les p\u00e8res. <\/p>\n\n\n\n<p>Le cong\u00e9 paternit\u00e9 est de 11 jours, destin\u00e9 au conjoint de la personne qui accouche. Les hommes sont 68% \u00e0 le prendre. Le <strong>cong\u00e9 parental<\/strong> est lui accessible aux deux parents avec la m\u00eame dur\u00e9e pour les deux mais est pris 95% du temps par les femmes, ce qui aura des cons\u00e9quences sur leur valeur sur le march\u00e9 du travail. <\/p>\n\n\n\n<p>Les femmes repr\u00e9sentent <strong>85% des familles monoparentales<\/strong> et ont un niveau de vie moyen inf\u00e9rieur \u00e0 celui de l&#8217;ensemble des autres m\u00e9nages. Elles doivent souvent cumuler une &#8220;double journ\u00e9e de travail&#8221;. Mais \u00e7a va, parce qu'&#8221;elles ont l&#8217;instinct maternel&#8221;.<\/p>\n\n\n\n<p>La dessinatrice <a rel=\"noreferrer noopener\" href=\"https:\/\/emmaclit.com\/\" target=\"_blank\">Emma<\/a>, connue entre autres pour sa BD sur la charge mentale, r\u00e9v\u00e8le que la maternit\u00e9 est l&#8217;une des exp\u00e9riences qui l&#8217;a guid\u00e9e vers le f\u00e9minisme. Dans son premier livre <a rel=\"noreferrer noopener\" href=\"https:\/\/emmaclit.com\/2017\/05\/16\/un-autre-regard\/\" target=\"_blank\">Un autre regard<\/a> elle y aborde le cong\u00e9 maternit\u00e9 et le fameux instinct maternel . Elle y montre comment l&#8217;instinct maternel emp\u00eacherait de r\u00e9fl\u00e9chir en profondeur aux causes et aux solutions de la souffrance des femmes qui deviennent m\u00e8res. <\/p>\n\n\n\n<figure class=\"wp-block-gallery has-nested-images columns-default is-cropped wp-block-gallery-1 is-layout-flex wp-block-gallery-is-layout-flex\">\n<figure class=\"wp-block-image size-large\"><img loading=\"lazy\" decoding=\"async\" width=\"1024\" height=\"1012\" data-id=\"122\" src=\"https:\/\/ellelabiencherche.com\/wp-content\/uploads\/2022\/06\/Capture-de\u0301cran-2022-06-03-a\u0300-13.20.12-1-1024x1012.png\" alt=\"\" class=\"wp-image-122\" srcset=\"https:\/\/ellelabiencherche.com\/wp-content\/uploads\/2022\/06\/Capture-de\u0301cran-2022-06-03-a\u0300-13.20.12-1-1024x1012.png 1024w, https:\/\/ellelabiencherche.com\/wp-content\/uploads\/2022\/06\/Capture-de\u0301cran-2022-06-03-a\u0300-13.20.12-1-300x297.png 300w, https:\/\/ellelabiencherche.com\/wp-content\/uploads\/2022\/06\/Capture-de\u0301cran-2022-06-03-a\u0300-13.20.12-1-768x759.png 768w, https:\/\/ellelabiencherche.com\/wp-content\/uploads\/2022\/06\/Capture-de\u0301cran-2022-06-03-a\u0300-13.20.12-1-61x60.png 61w, https:\/\/ellelabiencherche.com\/wp-content\/uploads\/2022\/06\/Capture-de\u0301cran-2022-06-03-a\u0300-13.20.12-1.png 1424w\" sizes=\"auto, (max-width: 1024px) 100vw, 1024px\" \/><\/figure>\n\n\n\n<figure class=\"wp-block-image size-large\"><img loading=\"lazy\" decoding=\"async\" width=\"1024\" height=\"1020\" data-id=\"123\" src=\"https:\/\/ellelabiencherche.com\/wp-content\/uploads\/2022\/06\/Capture-de\u0301cran-2022-06-03-a\u0300-13.20.29-1-1024x1020.png\" alt=\"\" class=\"wp-image-123\" srcset=\"https:\/\/ellelabiencherche.com\/wp-content\/uploads\/2022\/06\/Capture-de\u0301cran-2022-06-03-a\u0300-13.20.29-1-1024x1020.png 1024w, https:\/\/ellelabiencherche.com\/wp-content\/uploads\/2022\/06\/Capture-de\u0301cran-2022-06-03-a\u0300-13.20.29-1-300x300.png 300w, https:\/\/ellelabiencherche.com\/wp-content\/uploads\/2022\/06\/Capture-de\u0301cran-2022-06-03-a\u0300-13.20.29-1-150x150.png 150w, https:\/\/ellelabiencherche.com\/wp-content\/uploads\/2022\/06\/Capture-de\u0301cran-2022-06-03-a\u0300-13.20.29-1-768x765.png 768w, https:\/\/ellelabiencherche.com\/wp-content\/uploads\/2022\/06\/Capture-de\u0301cran-2022-06-03-a\u0300-13.20.29-1-60x60.png 60w, https:\/\/ellelabiencherche.com\/wp-content\/uploads\/2022\/06\/Capture-de\u0301cran-2022-06-03-a\u0300-13.20.29-1.png 1412w\" sizes=\"auto, (max-width: 1024px) 100vw, 1024px\" \/><\/figure>\n<figcaption class=\"blocks-gallery-caption\">extrait de la BD &#8220;Les vacances&#8221; de Emma<\/figcaption><\/figure>\n\n\n\n<p><\/p>\n\n\n\n<p>Lire la BD compl\u00e8te <a rel=\"noreferrer noopener\" href=\"https:\/\/emmaclit.com\/2017\/01\/05\/les-vacances\/\" target=\"_blank\">ici<\/a>.<\/p>\n\n\n\n<p>Ainsi, il ne s&#8217;agit pas de remettre en cause ici l&#8217;existence de la puissance de l&#8217;amour maternel, m\u00eame si je pense que l&#8217;amour paternel peut \u00eatre tout aussi fort. Simplement m\u00e9fions nous quand une qualit\u00e9, soit disant naturelle attribu\u00e9e aux hommes et aux femmes, vient <strong>justifier une organisation in\u00e9galitaire de la soci\u00e9t\u00e9<\/strong>. Il y aurait tout un article \u00e0 faire sur les tentatives de naturalisation (justifier les in\u00e9galit\u00e9s par la nature) notamment m\u00e9dicales, biologiques, philosophiques, mais \u00e7a sera pour une prochaine fois !<\/p>\n\n\n\n<h1 class=\"has-vivid-purple-color has-text-color wp-block-heading\"><strong>Les f\u00e9ministes sont anti-hommes, utilisent les m\u00eames m\u00e9thodes que leurs soi disant oppresseurs, c\u2019est la m\u00eame chose \u00e0 l\u2019envers, le sexisme anti-homme, <em>etc<\/em><\/strong>.<\/h1>\n\n\n\n<p>En g\u00e9n\u00e9ral, \u00e0 ce moment l\u00e0 de la conversation (qui ne manque pas d\u2019arriver m\u00eame si je ne dis rien et bois ma bi\u00e8re en attendant que \u00e7a passe), je me contente d\u2019un <em>\u201ccomme quoi par exemple ?\u201d<\/em>. Il est en g\u00e9n\u00e9ral tr\u00e8s difficile \u00e0 mon interlocuteur de r\u00e9pondre, tout comme citer un texte f\u00e9ministe qui d\u00e9fendrait ce point de vue.&nbsp;<\/p>\n\n\n\n<p>Il s\u2019agit d\u2019un <strong>fantasme<\/strong>, d\u2019une repr\u00e9sentation imaginaire. Non les f\u00e9ministes ne veulent pas zigouiller les hommes ou les violer par vengeance. Elles osent juste parler d\u2019un ph\u00e9nom\u00e8ne <strong><mark style=\"background-color:rgba(0, 0, 0, 0)\" class=\"has-inline-color has-vivid-red-color\">syst\u00e9mique<\/mark><\/strong> de domination des hommes sur les femmes : l&#8217;oppression des femmes n\u2019est pas un ph\u00e9nom\u00e8ne individuel qui pourrait donc \u00eatre renvers\u00e9 de mani\u00e8re sym\u00e9trique. Cette oppression existe au sein d\u2019un <strong>rapport de pouvoir hi\u00e9rarchis\u00e9<\/strong> entre les hommes et les femmes. C\u2019est en cela \u00e9galement qu\u2019on ne peut pas parler de sexisme anti-homme, car la notion de sexisme renvoie \u00e0 des discriminations ou des in\u00e9galit\u00e9s dans un contexte social et politique de la domination d\u2019un groupe sur un autre, ici les hommes sur les femmes.&nbsp;<\/p>\n\n\n\n<p>Dans ce <strong>syst\u00e8me de domination<\/strong>, que l\u2019on nomme <strong><mark style=\"background-color:rgba(0, 0, 0, 0)\" class=\"has-inline-color has-vivid-red-color\">\u201cpatriarcat\u201d<\/mark><\/strong>, des femmes subissent des violences parce qu\u2019elles sont des femmes, sont mari\u00e9es de force enfant parce qu\u2019elles sont des femmes, ont le sexe mutil\u00e9 parce qu\u2019elles sont des femmes, acc\u00e8dent moins aux postes les mieux pay\u00e9s parce qu\u2019elles sont des femmes, sont plus pauvres en moyenne que les hommes parce qu\u2019elles sont des femmes, subissent davantage de temps partiels parce qu\u2019elles sont des femmes, sont moins pr\u00e9sentes dans les m\u00e9dias parce qu\u2019elles sont des femmes, <em>etc<\/em>., <em>etc<\/em>.<\/p>\n\n\n\n<p>Aucune de ces phrases pr\u00e9cedentes ne peut \u00eatre renvers\u00e9e en rempla\u00e7ant femmes par homme. Et c&#8217;est pour cela qu&#8217;on ne peut pas parler de sexisme anti-hommes. C\u2019est ce <strong>syst\u00e8me<\/strong> d\u2019oppression que les f\u00e9ministes entendent combattre, pour une \u00e9galit\u00e9 r\u00e9elle (et non simplement th\u00e9orique) entre les femmes et les hommes.<\/p>\n\n\n\n<h1 class=\"has-vivid-purple-color has-text-color wp-block-heading\"><strong>Oui mais les hommes aussi souffrent !<\/strong><\/h1>\n\n\n\n<p>\u201c<strong>Les hommes aussi subissent des injonctions<\/strong> dues \u00e0 leur condition d\u2019homme et c\u2019est pas facile pour eux : \u00eatre viril, \u00eatre masculin, \u00eatre performant&#8230; Donc si en plus, les f\u00e9ministes passent leur temps \u00e0 les pourrir, je comprends qu\u2019ils soient pas d\u2019accord et qu\u2019ils puissent tenir des discours anti-f\u00e9ministes !\u201d<\/p>\n\n\n\n<p>Je suis d\u2019accord avec tout le d\u00e9but de la phrase. Oui les hommes subissent des injonctions, il leur faut \u00eatre viril, masculin, dur, cela les conduit souvent \u00e0 \u00eatre des handicap\u00e9s \u00e9motionnels parce qu\u2019un homme \u00e7a pleure pas, oui. Et j&#8217;ai plusieurs choses \u00e0 dire l\u00e0 dessus&#8230;<\/p>\n\n\n\n<h2 class=\"has-vivid-cyan-blue-color has-text-color wp-block-heading\">Des injonctions issues du patriarcat<\/h2>\n\n\n\n<p>Ces injonctions faites aux hommes sont issues\u2026 du patriarcat !! Et oui, <strong>en assignant des r\u00f4les diff\u00e9renci\u00e9s<\/strong> aux hommes et aux femmes, renvoyant les qualit\u00e9s f\u00e9minines \u00e0 la fragilit\u00e9, l&#8217;\u00e9motivit\u00e9, la douceur, le soin, la communication et les qualit\u00e9s masculines \u00e0 la virilit\u00e9, l&#8217;agressivit\u00e9, la performance et la comp\u00e9tition, il a tir\u00e9 une balle dans le pied de certains hommes qui ne se reconnaissent pas dans ces normes.&nbsp;<\/p>\n\n\n\n<p>On pourrait appeler \u00e7a le 2\u00e8me effet Kiss kool de la domination masculine. <strong>Ce n\u2019est pas la faute du f\u00e9minisme<\/strong> en fait, et donc en aucun cas \u00e7a ne justifie les discours anti f\u00e9ministes, au contraire !<\/p>\n\n\n\n<h2 class=\"has-vivid-cyan-blue-color has-text-color wp-block-heading\">Des injonctions masculines d\u00e9construites par le f\u00e9minisme<\/h2>\n\n\n\n<p>Et qui a principalement travaill\u00e9 sur l\u2019\u00e9ducation genr\u00e9e des petits gar\u00e7ons, les masculinit\u00e9s contemporaines, les injonctions \u00e0 la virilit\u00e9, et les alternatives \u00e0 ces virilit\u00e9s dominantes et d\u00e9l\u00e9t\u00e8res ? Les f\u00e9ministes !!<\/p>\n\n\n\n<p>A l\u2019instar de l\u2019excellent podcast de Victoire Tuaillon <a rel=\"noreferrer noopener\" href=\"https:\/\/www.binge.audio\/podcast\/les-couilles-sur-la-table\" target=\"_blank\">Les couilles sur la table<\/a> qui explore en profondeur les masculinit\u00e9s contemporaines ; ou encore de <a rel=\"noreferrer noopener\" href=\"https:\/\/www.marabout.com\/livre\/tu-seras-un-homme-feministe-mon-fils-9782501134057\/\" target=\"_blank\">ce livre<\/a> d\u2019\u00e9ducation anti sexiste pour des gar\u00e7ons libres et heureux \u201cTu seras un homme f\u00e9ministe mon fils\u201d.&nbsp;<\/p>\n\n\n\n<figure class=\"wp-block-gallery has-nested-images columns-default is-cropped wp-block-gallery-2 is-layout-flex wp-block-gallery-is-layout-flex\">\n<figure class=\"wp-block-image size-large\"><img loading=\"lazy\" decoding=\"async\" width=\"225\" height=\"225\" data-id=\"128\" src=\"https:\/\/ellelabiencherche.com\/wp-content\/uploads\/2022\/06\/les-couilles-1.jpeg\" alt=\"\" class=\"wp-image-128\" srcset=\"https:\/\/ellelabiencherche.com\/wp-content\/uploads\/2022\/06\/les-couilles-1.jpeg 225w, https:\/\/ellelabiencherche.com\/wp-content\/uploads\/2022\/06\/les-couilles-1-150x150.jpeg 150w, https:\/\/ellelabiencherche.com\/wp-content\/uploads\/2022\/06\/les-couilles-1-60x60.jpeg 60w\" sizes=\"auto, (max-width: 225px) 100vw, 225px\" \/><\/figure>\n\n\n\n<figure class=\"wp-block-image size-full\"><img loading=\"lazy\" decoding=\"async\" width=\"400\" height=\"592\" data-id=\"129\" src=\"https:\/\/ellelabiencherche.com\/wp-content\/uploads\/2022\/06\/Tu-seras-un-homme-feministe-mon-fils.jpeg\" alt=\"\" class=\"wp-image-129\" srcset=\"https:\/\/ellelabiencherche.com\/wp-content\/uploads\/2022\/06\/Tu-seras-un-homme-feministe-mon-fils.jpeg 400w, https:\/\/ellelabiencherche.com\/wp-content\/uploads\/2022\/06\/Tu-seras-un-homme-feministe-mon-fils-203x300.jpeg 203w, https:\/\/ellelabiencherche.com\/wp-content\/uploads\/2022\/06\/Tu-seras-un-homme-feministe-mon-fils-41x60.jpeg 41w\" sizes=\"auto, (max-width: 400px) 100vw, 400px\" \/><\/figure>\n<\/figure>\n\n\n\n<h2 class=\"has-vivid-cyan-blue-color has-text-color wp-block-heading\">Au boulot !<\/h2>\n\n\n\n<p>Les mecs qui me disent \u201coui mais nous aussi on souffre\u201d lorsqu&#8217;on parle de f\u00e9minisme, mais, faites le job !!! Rien ne vous en emp\u00eache ! Cela fait des dizaines et des dizaines d\u2019ann\u00e9es que le mouvement f\u00e9ministe travaille \u00e0 d\u00e9construire ces injonctions, ces st\u00e9r\u00e9otypes enfermants, cette image fig\u00e9e de la femme et de l&#8217;homme. Rien ne vous emp\u00eache de vous renseignez, de lire, de r\u00e9fl\u00e9chir et de d\u00e9fendre la cause. Vous souffrez de cet imp\u00e9ratif de virilit\u00e9 devenu trop lourd ? <strong>D\u00e9construisez-le<\/strong>, et vous verrez que vous le ferez main dans la main avec les f\u00e9ministes.<\/p>\n\n\n\n<figure class=\"wp-block-image size-full\"><img loading=\"lazy\" decoding=\"async\" width=\"1158\" height=\"1218\" src=\"https:\/\/ellelabiencherche.com\/wp-content\/uploads\/2022\/06\/Capture-de\u0301cran-2022-06-03-a\u0300-17.51.43.png\" alt=\"\" class=\"wp-image-133\" srcset=\"https:\/\/ellelabiencherche.com\/wp-content\/uploads\/2022\/06\/Capture-de\u0301cran-2022-06-03-a\u0300-17.51.43.png 1158w, https:\/\/ellelabiencherche.com\/wp-content\/uploads\/2022\/06\/Capture-de\u0301cran-2022-06-03-a\u0300-17.51.43-285x300.png 285w, https:\/\/ellelabiencherche.com\/wp-content\/uploads\/2022\/06\/Capture-de\u0301cran-2022-06-03-a\u0300-17.51.43-974x1024.png 974w, https:\/\/ellelabiencherche.com\/wp-content\/uploads\/2022\/06\/Capture-de\u0301cran-2022-06-03-a\u0300-17.51.43-768x808.png 768w, https:\/\/ellelabiencherche.com\/wp-content\/uploads\/2022\/06\/Capture-de\u0301cran-2022-06-03-a\u0300-17.51.43-57x60.png 57w\" sizes=\"auto, (max-width: 1158px) 100vw, 1158px\" \/><figcaption>Image du compte insta <a rel=\"noreferrer noopener\" href=\"https:\/\/www.instagram.com\/nos_allies_les_hommes\/?hl=fr\" target=\"_blank\">&#8220;Nos alli\u00e9s les hommes&#8221;<\/a> et ses \u00e9tapes sur la <a href=\"https:\/\/www.instagram.com\/p\/CMXiL9gA3Fr\/?hl=fr\">d\u00e9construction<\/a> <\/figcaption><\/figure>\n\n\n\n<h1 class=\"has-vivid-purple-color has-text-color wp-block-heading\"><strong>Oui mais y a des mecs bien qui se sentent agress\u00e9s par le f\u00e9minisme<\/strong><\/h1>\n\n\n\n<h2 class=\"has-vivid-cyan-blue-color has-text-color wp-block-heading\">&#8220;Je suis un mec bien&#8221;<\/h2>\n\n\n\n<p>Par \u201cmec bien\u201d mon interlocuteur me pr\u00e9cise que ce sont des mecs qui n\u2019ont jamais agress\u00e9, violent\u00e9, ou harcel\u00e9 une femme. Et bah tr\u00e8s bien !! mais pourquoi se sentent-ils agress\u00e9s en fait ?<\/p>\n\n\n\n<p>Encore une fois, le f\u00e9minisme ne cherche pas des coupables repr\u00e9sent\u00e9s par \u201ctous les hommes de la terre\u201d. <strong>Il d\u00e9nonce le patriarcat<\/strong> &#8211; syst\u00e8me social d\u2019oppression des femmes &#8211; <strong>dont nous sommes tou\u00b7te\u00b7s impr\u00e9gn\u00e9\u00b7es.&nbsp;<\/strong><\/p>\n\n\n\n<p>Ce n\u2019est pas parce qu\u2019on n\u2019a jamais violent\u00e9 une femme, qu\u2019on ne peut pas \u00eatre <strong>solidaire<\/strong> de la lutte contre le sexisme, et qu\u2019on ne peut pas reconnaitre qu\u2019en tant qu\u2019homme on a le <strong><mark style=\"background-color:rgba(0, 0, 0, 0)\" class=\"has-inline-color has-vivid-red-color\">privil\u00e8ge<\/mark><\/strong> de ne pas subir cette oppression. Et qu\u2019on ne peut pas s\u2019interroger sur les interstices o\u00f9 pourrait se loger le sexisme, beaucoup plus insidieusement, dans nos repr\u00e9sentations plus ou moins conscientes, dans nos r\u00e9flexes, dans notre humour, au sein d\u2019une soci\u00e9t\u00e9 dans laquelle les hommes sont dominants.&nbsp;<\/p>\n\n\n\n<p>Petit exercice de pens\u00e9e : remplacez dans le paragraphe ci-dessus, le mot \u201cfemme\u201d par \u201cpersonne noire\u201d, le mot \u201csexisme\u201d par \u201cracisme\u201d, et le mot \u201chomme\u201d par \u201cblanc\u201d. Cela donne :<\/p>\n\n\n\n<p>&#8220;<em>Ce n\u2019est pas parce qu\u2019on n\u2019a jamais violent\u00e9 une personne noire, qu\u2019on ne peut pas \u00eatre solidaire de la lutte contre le racisme, et qu\u2019on ne peut pas reconnaitre qu\u2019en temps que blanc on a le privil\u00e8ge de ne pas subir cette oppression. Et qu\u2019on ne peut pas s\u2019interroger sur les interstices o\u00f9 pourrait se loger le racisme, beaucoup plus insidieusement, dans nos repr\u00e9sentations plus ou moins conscientes, dans nos r\u00e9flexes, dans notre humour, au sein d\u2019une soci\u00e9t\u00e9 ou les blancs sont dominants.&#8221;&nbsp;<\/em><\/p>\n\n\n\n<p>Si \u00e0 ce moment l\u00e0 vous avez tr\u00e8\u00e8\u00e8\u00e8\u00e8\u00e8s envie de dire \u201coui mais c\u2019est pas pareil !\u201d, arr\u00eatez vous un peu, et posez vous des questions. Evidemment que chaque oppression est diff\u00e9rente et a sa propre histoire. Mais encore faut-il accepter qu\u2019il existe un syst\u00e8me d\u2019oppression et cela implique effectivement de lever ses yeux de son nombril, et de <strong>sortir de l\u2019individualit\u00e9 autocentr\u00e9e de \u201coui mais pas moi\u201d.&nbsp;<\/strong><\/p>\n\n\n\n<h2 class=\"has-vivid-cyan-blue-color has-text-color wp-block-heading\">\u201cNot all men\u201d<\/h2>\n\n\n\n<p>Dans le f\u00e9minisme, cet argument est appel\u00e9 le <strong>\u201cNot all men\u201d<\/strong> et a \u00e9t\u00e9 beaucoup utilis\u00e9 suite \u00e0 la vague #metoo. Il consiste \u00e0 dire que tous les hommes ne sont pas des agresseurs lorsqu\u2019on aborde le sujet des violences faites aux femmes. Il n\u2019est pas pertinent (voire l\u00e9g\u00e8rement aga\u00e7ant) :<\/p>\n\n\n\n<ul class=\"wp-block-list\"><li>parce qu\u2019on le sait d\u00e9j\u00e0 et que comme dit plus haut d\u00e9noncer les violences faites aux femmes ou le patriarcat ce n\u2019est pas dire que tous les hommes sont des salauds.<\/li><\/ul>\n\n\n\n<ul class=\"wp-block-list\"><li>parce que \u00e7a d\u00e9tourne le sujet du d\u00e9bat, en l\u2019occurence pour #metoo on parlait enfin des violences faites aux femmes, et r\u00e9pondre que tous les hommes ne sont pas violents <strong>invisibilise<\/strong> le probl\u00e8me et <strong>invite \u00e0 se taire<\/strong> sur le sujet.<\/li><\/ul>\n\n\n\n<ul class=\"wp-block-list\"><li>parce que juste apr\u00e8s le <em>not all men<\/em>, vient <strong>l&#8217;auto-victimisation<\/strong> de celui qui, \u00e0 cause des f\u00e9ministes, se sent injustement class\u00e9 dans le camp des oppresseurs :<\/li><\/ul>\n\n\n\n<div class=\"wp-block-group has-vivid-cyan-blue-color has-text-color\"><div class=\"wp-block-group__inner-container is-layout-flow wp-block-group-is-layout-flow\">\n<p><em>\u201c &#8211; Oui bah tu vois l\u2019autre fois j\u2019\u00e9tais \u00e0 une f\u00eate dansante et moi je voulais juste danser et quand j\u2019allais inviter une fille que je ne connais pas \u00e0 danser elle refusait \u00e0 chaque fois.&nbsp;<\/em><\/p>\n\n\n\n<p><em>&#8211; Tu as raison c\u2019est triste mais c\u2019est sans doute d\u00fb au fait que beaucoup de femmes ont malheureusement accumul\u00e9 de trop nombreuses exp\u00e9riences de harc\u00e8lement et d\u2019agression (les chiffres parlent) et que du coup elles sont m\u00e9fiantes. Ce n\u2019est pas la faute du f\u00e9minisme, c\u2019est la faute du patriarcat. Moi-m\u00eame, j\u2019ai \u00e9t\u00e9 viol\u00e9e plusieurs fois, et souvent harcel\u00e9e par des inconnus, alors lorsqu\u2019un inconnu m\u2019aborde, j\u2019ai le r\u00e9flexe de me demander ce qu\u2019il me veut.&nbsp;<\/em><\/p>\n\n\n\n<p>&#8211; bah tu sais quoi, moi aussi je suis une victime parce que j\u2019ai jamais agress\u00e9 une femme et toute la soir\u00e9e j\u2019ai du danser avec des mamies !<\/p>\n<\/div><\/div>\n\n\n\n<p class=\"has-vivid-cyan-blue-color has-text-color\"><em>&#8211; &#8230;\u201d<\/em><\/p>\n\n\n\n<p>Comparer le malheur de ne pas r\u00e9ussir \u00e0 inviter une fille \u00e0 danser, ou de ne plus pouvoir draguer dans la rue, au ph\u00e9nom\u00e8ne massif et effroyables des violences faites aux femmes fr\u00f4le l&#8217;ind\u00e9cence. <\/p>\n\n\n\n<p>Pour rappel, en France, 1 femme sur 2 a d\u00e9j\u00e0 \u00e9t\u00e9 victime de violence sexuelle au moins une fois dans sa vie, 94 000 femmes sont victimes de viol ou tentatives de viol chaque ann\u00e9e.<\/p>\n\n\n\n<figure class=\"wp-block-image size-large\"><img loading=\"lazy\" decoding=\"async\" width=\"1024\" height=\"1024\" src=\"https:\/\/ellelabiencherche.com\/wp-content\/uploads\/2022\/06\/Not-all-men-1024x1024-1-1024x1024.jpeg\" alt=\"\" class=\"wp-image-130\" srcset=\"https:\/\/ellelabiencherche.com\/wp-content\/uploads\/2022\/06\/Not-all-men-1024x1024-1.jpeg 1024w, https:\/\/ellelabiencherche.com\/wp-content\/uploads\/2022\/06\/Not-all-men-1024x1024-1-300x300.jpeg 300w, https:\/\/ellelabiencherche.com\/wp-content\/uploads\/2022\/06\/Not-all-men-1024x1024-1-150x150.jpeg 150w, https:\/\/ellelabiencherche.com\/wp-content\/uploads\/2022\/06\/Not-all-men-1024x1024-1-768x768.jpeg 768w, https:\/\/ellelabiencherche.com\/wp-content\/uploads\/2022\/06\/Not-all-men-1024x1024-1-435x435.jpeg 435w, https:\/\/ellelabiencherche.com\/wp-content\/uploads\/2022\/06\/Not-all-men-1024x1024-1-60x60.jpeg 60w\" sizes=\"auto, (max-width: 1024px) 100vw, 1024px\" \/><\/figure>\n\n\n\n<h3 class=\"wp-block-heading\">Pour aller plus loin sur la notion de &#8220;Not All Men&#8221;<\/h3>\n\n\n\n<p class=\"has-black-color has-text-color\">Cet <a rel=\"noreferrer noopener\" href=\"https:\/\/www.barbieturix.com\/2021\/07\/30\/not-all-men-mode-demploi\/\" target=\"_blank\">article<\/a> sur le blog <a rel=\"noreferrer noopener\" href=\"https:\/\/www.barbieturix.com\/\" target=\"_blank\">barbiturix<\/a> qui utilise des comparaisons assez parlantes : <\/p>\n\n\n\n<div class=\"wp-block-group is-vertical is-layout-flex wp-container-core-group-is-layout-8cf370e7 wp-block-group-is-layout-flex\">\n<div class=\"wp-block-group has-cyan-bluish-gray-color has-text-color\"><div class=\"wp-block-group__inner-container is-layout-flow wp-block-group-is-layout-flow\">\n<p class=\"has-text-color\" style=\"color:#747474\"><em>&#8220;Lorsque l\u2019on voit des pubs sur les dangers de l\u2019alcool au volant, tous les conducteurs ne se sentent pas vis\u00e9s, ils savent que ces publicit\u00e9s ciblent les conducteurs buvant et conduisant en m\u00eame temps. Et personne ne sent le besoin de crier \u00ab&nbsp;pas tous les conducteurs&nbsp;!&nbsp;\u00bb<\/em><\/p>\n\n\n\n<p class=\"has-text-color\" style=\"color:#747474\"><em>&#8220;Lorsque les auteurs de violences sont presque tous reli\u00e9s par un point commun, il est normal de se questionner sur le lien de cause \u00e0 effet entre les deux. Les chances d\u2019\u00eatre attaqu\u00e9.e par un requin sont de&nbsp;<a href=\"https:\/\/next.liberation.fr\/cinema\/2018\/08\/30\/le-requin-vraie-tete-a-clap_1675574\">1 sur 3&nbsp;748&nbsp;067<\/a>, alors qu\u2019une femme fran\u00e7aise \u00e0 1 chance sur 7 d\u2019\u00eatre agress\u00e9e sexuellement\u2026 Pourtant la peur des requins est vue comme rationnelle alors que le fait d\u2019\u00eatre prudente envers les hommes est vu comme misandre.&#8221;<\/em><\/p>\n\n\n\n<p class=\"has-black-color has-text-color\">Il y a \u00e9galement cette brillante <a href=\"https:\/\/www.instagram.com\/p\/CKd6DYWhwxo\/\" target=\"_blank\" rel=\"noreferrer noopener\">s\u00e9rie<\/a> de dessin du dessinateur <a href=\"https:\/\/www.instagram.com\/loicsecheresse\/\" target=\"_blank\" rel=\"noreferrer noopener\">Lo\u00efc S\u00e9cheresse<\/a> qui fait une comparaison avec les v\u00e9los et les voitures sur la route (oui dit comme \u00e7a, \u00e7a peut para\u00eetre bizarre mais allez la lire c&#8217;est tr\u00e8s bien fait). <\/p>\n\n\n\n<figure class=\"wp-block-gallery has-nested-images columns-default is-cropped wp-block-gallery-3 is-layout-flex wp-block-gallery-is-layout-flex\">\n<figure class=\"wp-block-image size-large\"><img loading=\"lazy\" decoding=\"async\" width=\"820\" height=\"1024\" data-id=\"135\" src=\"https:\/\/ellelabiencherche.com\/wp-content\/uploads\/2022\/06\/Capture-de\u0301cran-2022-06-03-a\u0300-18.08.14-820x1024.png\" alt=\"\" class=\"wp-image-135\" srcset=\"https:\/\/ellelabiencherche.com\/wp-content\/uploads\/2022\/06\/Capture-de\u0301cran-2022-06-03-a\u0300-18.08.14-820x1024.png 820w, https:\/\/ellelabiencherche.com\/wp-content\/uploads\/2022\/06\/Capture-de\u0301cran-2022-06-03-a\u0300-18.08.14-240x300.png 240w, https:\/\/ellelabiencherche.com\/wp-content\/uploads\/2022\/06\/Capture-de\u0301cran-2022-06-03-a\u0300-18.08.14-768x959.png 768w, https:\/\/ellelabiencherche.com\/wp-content\/uploads\/2022\/06\/Capture-de\u0301cran-2022-06-03-a\u0300-18.08.14-48x60.png 48w, https:\/\/ellelabiencherche.com\/wp-content\/uploads\/2022\/06\/Capture-de\u0301cran-2022-06-03-a\u0300-18.08.14.png 950w\" sizes=\"auto, (max-width: 820px) 100vw, 820px\" \/><\/figure>\n\n\n\n<figure class=\"wp-block-image size-full\"><img loading=\"lazy\" decoding=\"async\" width=\"960\" height=\"1196\" data-id=\"136\" src=\"https:\/\/ellelabiencherche.com\/wp-content\/uploads\/2022\/06\/Capture-de\u0301cran-2022-06-03-a\u0300-18.08.36.png\" alt=\"\" class=\"wp-image-136\" srcset=\"https:\/\/ellelabiencherche.com\/wp-content\/uploads\/2022\/06\/Capture-de\u0301cran-2022-06-03-a\u0300-18.08.36.png 960w, https:\/\/ellelabiencherche.com\/wp-content\/uploads\/2022\/06\/Capture-de\u0301cran-2022-06-03-a\u0300-18.08.36-241x300.png 241w, https:\/\/ellelabiencherche.com\/wp-content\/uploads\/2022\/06\/Capture-de\u0301cran-2022-06-03-a\u0300-18.08.36-822x1024.png 822w, https:\/\/ellelabiencherche.com\/wp-content\/uploads\/2022\/06\/Capture-de\u0301cran-2022-06-03-a\u0300-18.08.36-768x957.png 768w, https:\/\/ellelabiencherche.com\/wp-content\/uploads\/2022\/06\/Capture-de\u0301cran-2022-06-03-a\u0300-18.08.36-48x60.png 48w\" sizes=\"auto, (max-width: 960px) 100vw, 960px\" \/><\/figure>\n\n\n\n<figure class=\"wp-block-image size-large\"><img loading=\"lazy\" decoding=\"async\" width=\"826\" height=\"1024\" data-id=\"137\" src=\"https:\/\/ellelabiencherche.com\/wp-content\/uploads\/2022\/06\/Capture-de\u0301cran-2022-06-03-a\u0300-18.08.52-826x1024.png\" alt=\"\" class=\"wp-image-137\" srcset=\"https:\/\/ellelabiencherche.com\/wp-content\/uploads\/2022\/06\/Capture-de\u0301cran-2022-06-03-a\u0300-18.08.52-826x1024.png 826w, https:\/\/ellelabiencherche.com\/wp-content\/uploads\/2022\/06\/Capture-de\u0301cran-2022-06-03-a\u0300-18.08.52-242x300.png 242w, https:\/\/ellelabiencherche.com\/wp-content\/uploads\/2022\/06\/Capture-de\u0301cran-2022-06-03-a\u0300-18.08.52-768x952.png 768w, https:\/\/ellelabiencherche.com\/wp-content\/uploads\/2022\/06\/Capture-de\u0301cran-2022-06-03-a\u0300-18.08.52-48x60.png 48w, https:\/\/ellelabiencherche.com\/wp-content\/uploads\/2022\/06\/Capture-de\u0301cran-2022-06-03-a\u0300-18.08.52.png 962w\" sizes=\"auto, (max-width: 826px) 100vw, 826px\" \/><\/figure>\n<figcaption class=\"blocks-gallery-caption\">extrait de la <a href=\"https:\/\/www.instagram.com\/p\/CKd6DYWhwxo\/\" target=\"_blank\" rel=\"noreferrer noopener\">fable v\u00e9locyp\u00e9dique<\/a> de Lo\u00efc S\u00e9cheresse<\/figcaption><\/figure>\n\n\n\n<p>Enfin cette magnifique <a rel=\"noreferrer noopener\" href=\"https:\/\/jesuisfeministe.com\/2017\/10\/26\/lettre-ouverte-aux-not-all-men\/\" target=\"_blank\">lettre<\/a> aux &#8220;Not all men&#8221; de Isabelle Klein dans le blog <a rel=\"noreferrer noopener\" href=\"https:\/\/jesuisfeministe.com\/\" target=\"_blank\"> jesuisfeministe<\/a> :<\/p>\n\n\n\n<blockquote class=\"wp-block-quote is-layout-flow wp-block-quote-is-layout-flow\"><p>Si vous vous sentez coupables, c\u2019est peut-\u00eatre le d\u00e9but d\u2019une prise de conscience, ne la l\u00e2chez pas et devenez responsables. L\u00e2chez vos mythes de puret\u00e9 et d\u2019infaillibilit\u00e9, ce sont des vestiges de votre masculinit\u00e9 dont vous n\u2019avez plus besoin dans le monde que nous essayons de construire.<\/p><cite>Isabelle Klein<\/cite><\/blockquote>\n\n\n\n<h1 class=\"has-vivid-purple-color has-text-color wp-block-heading\">Les f\u00e9ministes sont agressives<\/h1>\n\n\n\n<p class=\"has-black-color has-text-color\">C\u2019est un des arguments les plus entendus et les plus st\u00e9r\u00e9otyp\u00e9s : les f\u00e9ministes sont agressives, le f\u00e9minisme est clivant, c\u2019est contre-productif. Cet argument (dont j\u2019ose dire qu\u2019il est un peu d\u00e9lav\u00e9) comporte plusieurs probl\u00e8mes que je vais tenter d\u2019exposer ici :<\/p>\n\n\n\n<h2 class=\"has-vivid-cyan-blue-color has-text-color wp-block-heading\">Un argument st\u00e9r\u00e9otyp\u00e9 qui d\u00e9tourne le propos<\/h2>\n\n\n\n<p class=\"has-black-color has-text-color\">Dire \u00e0 quelqu\u2019un qu\u2019il est agressif constitue une tr\u00e8s bonne mani\u00e8re de <strong>contourner le d\u00e9bat<\/strong>, \u00e9viter de se remettre en question, d&#8217;emp\u00eacher l\u2019argumentation, tout en tentant de faire porter le chapeau \u00e0 l\u2019autre. Ce m\u00e9canisme est bien connu en politique, et est particuli\u00e8rement utilis\u00e9 \u00e0 l\u2019encontre des femmes, face \u00e0 un homme.<\/p>\n\n\n\n<p class=\"has-black-color has-text-color\">Ainsi dans le <a href=\"https:\/\/vimeo.com\/228195551\" target=\"_blank\" rel=\"noreferrer noopener\">d\u00e9bat pr\u00e9sidentiel<\/a> de 2007 on a eu le droit \u00e0 un \u00e9change d\u2019\u00e0 peu pr\u00e8s ce gout l\u00e0 :<\/p>\n\n\n\n<p class=\"has-vivid-cyan-blue-color has-text-color\"><em>\u201c- comment justifiez-vous votre politique sur l\u2019int\u00e9gration des enfants handicap\u00e9s \u00e0 l\u2019\u00e9cole ?<\/em><\/p>\n\n\n\n<p class=\"has-vivid-cyan-blue-color has-text-color\"><em>&#8211; vous perdez votre sang froid Madame Royal. Vous savez, il faut savoir garder son calme pour \u00eatre pr\u00e9sident de la r\u00e9publique. Je ne sais pas pourquoi vous vous \u00e9nervez comme \u00e7a\u2026\u201d<\/em><\/p>\n\n\n\n<p class=\"has-black-color has-text-color\">Dans les jours suivants Nicolas Sarkozy n\u2019a cess\u00e9 de revenir sur l\u2019agressivit\u00e9 de S\u00e9gol\u00e8ne Royal tandis qu\u2019elle revendiquait une col\u00e8re l\u00e9gitime face \u00e0 ce qu\u2019elle consid\u00e9rait comme une grande injustice et &#8220;le summum de l&#8217;immoralit\u00e9&#8221;. <\/p>\n\n\n\n<p class=\"has-black-color has-text-color\">Plus r\u00e9cemment c\u2019est Apolline de Malherbe qui en a fait les frais face \u00e0 G\u00e9rald Darmanin :<\/p>\n\n\n\n<p class=\"has-vivid-cyan-blue-color has-text-color\"><em>&#8211; Ne vous \u00eates vous pas r\u00e9veill\u00e9 un peu tard sur les questions de s\u00e9curit\u00e9 ?<\/em><\/p>\n\n\n\n<p class=\"has-vivid-cyan-blue-color has-text-color\"><em>&#8211; \u00e7a va bien se passer, calmez-vous \u00e7a va bien se passer<\/em>&#8230;<\/p>\n\n\n\n<p class=\"has-vivid-cyan-blue-color has-text-color\"><em>&#8211; pardon ?&nbsp;<\/em><\/p>\n\n\n\n<p class=\"has-vivid-cyan-blue-color has-text-color\"><em>[&#8230;]<\/em><\/p>\n\n\n\n<p class=\"has-vivid-cyan-blue-color has-text-color\"><em>&#8211; je r\u00e9ponds comme vous m&#8217;agressez. J&#8217;esp\u00e8re que vous serez moins agressive la prochaine fois\u201d<\/em><\/p>\n\n\n\n<p class=\"has-black-color has-text-color\">Ecouter \u00e0 ce sujet l&#8217;\u00e9pisode du podcast <a href=\"http:\/\/www.slate.fr\/audio\/mansplaining\/\" target=\"_blank\" rel=\"noreferrer noopener\">Mansplaining<\/a> <a rel=\"noreferrer noopener\" href=\"http:\/\/www.slate.fr\/audio\/mansplaining\/gerald-darmanin-ca-va-bien-se-passer-misogynie-masculinistes-82\" target=\"_blank\">\u201cNon G\u00e9rald Darmanin, \u00e7a ne va pas bien se passer&#8221;<\/a> <\/p>\n\n\n\n<p class=\"has-black-color has-text-color\">Sortir cet \u00e9tendard de la f\u00e9ministe agressive d\u00e8s qu&#8217;on parle de f\u00e9minisme est \u00e9galement largement <mark style=\"background-color:rgba(0, 0, 0, 0)\" class=\"has-inline-color has-vivid-red-color\"><strong>st\u00e9r\u00e9otyp\u00e9<\/strong><\/mark> :<\/p>\n\n\n\n<ul class=\"has-black-color has-text-color wp-block-list\"><li>D&#8217;une part parce que c&#8217;est largement exag\u00e9r\u00e9. Il existe des tas de ressources &#8220;calmes&#8221; sur le f\u00e9minisme : livres, blogs, essais, que les teneurs de ce discours n&#8217;ont souvent jamais pris la peine de lire. Non les femens ne repr\u00e9sentent pas du tout la majorit\u00e9 des f\u00e9ministes m\u00eame si BFM TV veut nous le faire croire.<\/li><\/ul>\n\n\n\n<ul class=\"has-black-color has-text-color wp-block-list\"><li>D&#8217;autre part parce que c&#8217;est un reproche que l&#8217;on fait beaucoup plus aux femmes qu&#8217;aux hommes en raison des <strong>normes genr\u00e9es<\/strong> : d\u00e8s l&#8217;enfance, les comportements agressifs des petites filles sont beaucoup plus r\u00e9prim\u00e9s que chez les gar\u00e7ons chez lesquels ils sont largement tol\u00e9r\u00e9s. A l&#8217;\u00e2ge adulte une femme qui \u00e9l\u00e8ve la voix sera facilement qualifi\u00e9e d&#8217;agressive, hyst\u00e9rique, folle, tandis que ce comportement sera beaucoup plus accept\u00e9 chez un homme. <\/li><\/ul>\n\n\n\n<p class=\"has-black-color has-text-color\">L\u2019agressivit\u00e9 reste le privil\u00e8ge des hommes, chez qui cela reste une caract\u00e9ristique valoris\u00e9e, sous couvert de virilit\u00e9 et autres masculinit\u00e9s h\u00e9g\u00e9moniques.<\/p>\n\n\n\n<p class=\"has-black-color has-text-color\">Nous les femmes ne seront jamais assez p\u00e9dagogues, patientes, douces, gentilles si bien qu\u2019ouvrir la bouche suffit encore trop souvent \u00e0 nous faire qualifier de trop \u201cagressives\u201d.<\/p>\n<\/div><\/div>\n<\/div>\n\n\n\n<h2 class=\"has-vivid-cyan-blue-color has-text-color wp-block-heading\">Qui est agressif ? <\/h2>\n\n\n\n<div class=\"wp-block-columns is-layout-flex wp-container-core-columns-is-layout-9d6595d7 wp-block-columns-is-layout-flex\">\n<div class=\"wp-block-column is-layout-flow wp-block-column-is-layout-flow\">\n<div class=\"wp-block-media-text alignwide is-stacked-on-mobile is-vertically-aligned-top\"><figure class=\"wp-block-media-text__media\"><img loading=\"lazy\" decoding=\"async\" width=\"410\" height=\"1024\" src=\"https:\/\/ellelabiencherche.com\/wp-content\/uploads\/2022\/06\/chiffres-hommes-femmes-410x1024.png\" alt=\"\" class=\"wp-image-141 size-full\" srcset=\"https:\/\/ellelabiencherche.com\/wp-content\/uploads\/2022\/06\/chiffres-hommes-femmes-410x1024.png 410w, https:\/\/ellelabiencherche.com\/wp-content\/uploads\/2022\/06\/chiffres-hommes-femmes-120x300.png 120w, https:\/\/ellelabiencherche.com\/wp-content\/uploads\/2022\/06\/chiffres-hommes-femmes-768x1920.png 768w, https:\/\/ellelabiencherche.com\/wp-content\/uploads\/2022\/06\/chiffres-hommes-femmes-24x60.png 24w, https:\/\/ellelabiencherche.com\/wp-content\/uploads\/2022\/06\/chiffres-hommes-femmes.png 800w\" sizes=\"auto, (max-width: 410px) 100vw, 410px\" \/><\/figure><div class=\"wp-block-media-text__content\">\n<div class=\"wp-block-columns is-layout-flex wp-container-core-columns-is-layout-9d6595d7 wp-block-columns-is-layout-flex\">\n<div class=\"wp-block-column is-layout-flow wp-block-column-is-layout-flow\" style=\"flex-basis:100%\">\n<p class=\"has-medium-font-size\">Les f\u00e9ministes militent contre les <strong>violences<\/strong> et les <strong>injustices<\/strong> que subissent les femmes. Leur renvoyer sans cesse qu&#8217;elles sont <strong>agressives<\/strong>, quand bien m\u00eame elles expriment de la <strong>col\u00e8re<\/strong> face \u00e0 ces injustices, c&#8217;est inverser la responsabilit\u00e9 de la violence. <\/p>\n\n\n\n<p class=\"has-medium-font-size\">Les femmes ont de tr\u00e8s nombreuses raisons d&#8217;\u00eatre en col\u00e8re : harc\u00e8lement, violences, in\u00e9galit\u00e9s sociales, sexisme ordinaire, agressions, sous repr\u00e9sentation.<\/p>\n\n\n\n<p class=\"has-medium-font-size\">Etre un\u00b7e alli\u00e9\u00b7e du f\u00e9minisme et militer pour l&#8217;\u00e9galit\u00e9 entre les hommes et les femmes, c&#8217;est aussi redonner une <strong>l\u00e9gitimit\u00e9<\/strong> \u00e0 cette col\u00e8re. <\/p>\n\n\n\n<p class=\"has-medium-font-size\">Donc le prochain qui me dit que je suis agressive, je lui colle un coup de poing ! (CECI EST UNE BLAGUE, en vrai je prendrai &#8211; encore &#8211; le temps de lui expliquer CALMEMENT tout \u00e7a comme la soci\u00e9t\u00e9 m&#8217;a appris \u00e0 le faire \ud83d\ude42 )<\/p>\n\n\n\n<p class=\"has-medium-font-size\"><\/p>\n<\/div>\n<\/div>\n<\/div><\/div>\n<\/div>\n<\/div>\n\n\n\n<figure class=\"wp-block-gallery has-nested-images columns-default is-cropped wp-block-gallery-4 is-layout-flex wp-block-gallery-is-layout-flex\">\n<figure class=\"wp-block-image size-large is-style-default\"><img loading=\"lazy\" decoding=\"async\" width=\"1024\" height=\"922\" data-id=\"147\" src=\"https:\/\/ellelabiencherche.com\/wp-content\/uploads\/2022\/06\/14855957_350415378628013_8809565559609466693_o-1-1024x922.png\" alt=\"\" class=\"wp-image-147\" srcset=\"https:\/\/ellelabiencherche.com\/wp-content\/uploads\/2022\/06\/14855957_350415378628013_8809565559609466693_o-1-1024x922.png 1024w, https:\/\/ellelabiencherche.com\/wp-content\/uploads\/2022\/06\/14855957_350415378628013_8809565559609466693_o-1-300x270.png 300w, https:\/\/ellelabiencherche.com\/wp-content\/uploads\/2022\/06\/14855957_350415378628013_8809565559609466693_o-1-768x691.png 768w, https:\/\/ellelabiencherche.com\/wp-content\/uploads\/2022\/06\/14855957_350415378628013_8809565559609466693_o-1-1536x1382.png 1536w, https:\/\/ellelabiencherche.com\/wp-content\/uploads\/2022\/06\/14855957_350415378628013_8809565559609466693_o-1-67x60.png 67w, https:\/\/ellelabiencherche.com\/wp-content\/uploads\/2022\/06\/14855957_350415378628013_8809565559609466693_o-1.png 2000w\" sizes=\"auto, (max-width: 1024px) 100vw, 1024px\" \/><\/figure>\n\n\n\n<figure class=\"wp-block-image size-large is-style-default\"><img loading=\"lazy\" decoding=\"async\" width=\"1024\" height=\"922\" data-id=\"146\" src=\"https:\/\/ellelabiencherche.com\/wp-content\/uploads\/2022\/06\/14633232_350415481961336_8952188617997257755_o-1-1024x922.png\" alt=\"\" class=\"wp-image-146\" srcset=\"https:\/\/ellelabiencherche.com\/wp-content\/uploads\/2022\/06\/14633232_350415481961336_8952188617997257755_o-1-1024x922.png 1024w, https:\/\/ellelabiencherche.com\/wp-content\/uploads\/2022\/06\/14633232_350415481961336_8952188617997257755_o-1-300x270.png 300w, https:\/\/ellelabiencherche.com\/wp-content\/uploads\/2022\/06\/14633232_350415481961336_8952188617997257755_o-1-768x691.png 768w, https:\/\/ellelabiencherche.com\/wp-content\/uploads\/2022\/06\/14633232_350415481961336_8952188617997257755_o-1-1536x1382.png 1536w, https:\/\/ellelabiencherche.com\/wp-content\/uploads\/2022\/06\/14633232_350415481961336_8952188617997257755_o-1-67x60.png 67w, https:\/\/ellelabiencherche.com\/wp-content\/uploads\/2022\/06\/14633232_350415481961336_8952188617997257755_o-1.png 2000w\" sizes=\"auto, (max-width: 1024px) 100vw, 1024px\" \/><\/figure>\n<figcaption class=\"blocks-gallery-caption\">Extrait de la BD <a href=\"https:\/\/emmaclit.com\/2016\/10\/27\/le-fond-et-la-forme\/\" target=\"_blank\" rel=\"noreferrer noopener\">&#8220;Le fond et la forme&#8221;<\/a> de <a href=\"https:\/\/emmaclit.com\/\" target=\"_blank\" rel=\"noreferrer noopener\">Emma<\/a><\/figcaption><\/figure>\n\n\n\n<h2 class=\"has-text-align-left has-vivid-cyan-blue-color has-text-color wp-block-heading\">Le f\u00e9minisme d\u00e9range, et c&#8217;est une bonne nouvelle<\/h2>\n\n\n\n<p>Vouloir changer une soci\u00e9t\u00e9, un ordre \u00e9tabli, est d\u00e9rangeant, particuli\u00e8rement lorsqu&#8217;il s&#8217;agit d&#8217;un syst\u00e8me de privil\u00e8ge, de domination d&#8217;un groupe sur un autre. <\/p>\n\n\n\n<p>Cela remet en question nos rep\u00e8res, notre \u00e9ducation, notre syst\u00e8me de pens\u00e9e et tout ce que nous avons connu jusque l\u00e0. Cela implique de revoir nos <strong>ressentis<\/strong> \u00e0 la lumi\u00e8re des nombreux <a href=\"https:\/\/www.penser-critique.be\/wp-content\/uploads\/2018\/02\/codex-biais-cognitifs.pdf?fbclid=IwAR0bJyrF2BCDx4oKhabH-BdjPA82Ai6lzlxtvEA9VOEgP02Uqq-t4U7wMAw\" target=\"_blank\" rel=\"noreferrer noopener\">biais cognitifs<\/a> auxquels ils sont soumis. <\/p>\n\n\n\n<p>Ce qui parait normal aujourd&#8217;hui ne l&#8217;\u00e9tait pas hier. Et aucun des mouvements sociaux ne s&#8217;est fait sans d\u00e9ranger personne. Vouloir que les choses changent pour plus de justice et d&#8217;\u00e9galit\u00e9, c&#8217;est <strong>accepter que cela puisse bousculer<\/strong> un certain nombre de choses dans nos certitudes et nos habitudes. <\/p>\n\n\n\n<p>L&#8217;opinion publique aurait-elle ouvert les yeux sur l&#8217;\u00e9tendue du fl\u00e9au des violences sexuelles sans le mouvement d\u00e9rangeant #metoo ? Probable que non. Et ce combat est loin d&#8217;\u00eatre gagn\u00e9, si l&#8217;on en croit l&#8217;actualit\u00e9 et le d\u00e9ferlement de haine envers <a href=\"https:\/\/www.tf1.fr\/tmc\/quotidien-avec-yann-barthes\/videos\/la-zone-mazaurette-amber-heard-victime-pas-assez-ideale-75349233.html\" target=\"_blank\" rel=\"noreferrer noopener\">Amber Heard<\/a>. <\/p>\n\n\n\n<p>C&#8217;est ainsi qu&#8217;on nous rappelle que chaque progr\u00e8s social apporte son lot de r\u00e9actionnaires craignant que ne s&#8217;\u00e9branlent les rapports de domination d&#8217;un monde r\u00e9volu (car c&#8217;est cela que d\u00e9fend le f\u00e9minisme et pas autre chose).<\/p>\n\n\n\n<h1 class=\"has-vivid-purple-color has-text-color wp-block-heading\">Vous reprendrez bien un peu de mauvaise foi<\/h1>\n\n\n\n<p>Il est peu de conversations sur le f\u00e9minisme en soir\u00e9e qui n&#8217;aille sans sa dose de mauvaise foi. Lors de cette conversation (parmi tant d&#8217;autres), tandis que j&#8217;\u00e9coutais mon interlocuteur me sortir tous ces arguments un par un, je tentais de lui glisser &#8220;ce n&#8217;est pas cela le combat du f\u00e9minisme&#8221; et autres perches qui auraient pu lui donner envie d&#8217;en savoir plus. A aucun moment, sur un sujet que je maitrisais visiblement beaucoup mieux que lui (et il n&#8217;y a pas de probl\u00e8me \u00e0 cela, on maitrise tous des sujets diff\u00e9rents en fonction du temps et de l&#8217;int\u00e9r\u00eat qu&#8217;on y a accord\u00e9), il ne m&#8217;a demand\u00e9 de l&#8217;information, continuant \u00e0 ass\u00e9ner des v\u00e9rit\u00e9s sans fondement et sans remise en question. Et c&#8217;est cela qui est vraiment dommage, surtout quand on accuse les f\u00e9ministes de se retrancher dans une communaut\u00e9 clivante.<\/p>\n\n\n\n<p>Toi qui lis cet article, et qui te reconnais peut \u00eatre dans certains de ces discours, tu te sens peut \u00eatre d\u00e9rang\u00e9, un peu vex\u00e9 m\u00eame, point\u00e9 du doigt ? Et si tu le prenais comme <strong>une invitation<\/strong> au partage d&#8217;information, \u00e0 la d\u00e9construction, \u00e0 l&#8217;enrichissement, pour un monde futur plus juste ?<\/p>\n\n\n\n<h2 class=\"wp-block-heading\">Sources<\/h2>\n\n\n\n<p>De nombreuses sources ont \u00e9t\u00e9 int\u00e9gr\u00e9es directement au sein de l&#8217;article \u00e0 l&#8217;aide de liens. Je me contenterai donc de mettre ici quelques ouvrages de r\u00e9f\u00e9rence et sources suppl\u00e9mentaires ainsi que des sources pour les donn\u00e9es chiffr\u00e9es.<\/p>\n\n\n\n<p>Val\u00e9rie Rey-Robert (2021) &#8211; <em>10 questions sur le f\u00e9minisme<\/em><\/p>\n\n\n\n<p>Muriel Salmona.&nbsp;<em>Le livre noir des violences sexuelles<\/em><\/p>\n\n\n\n<p>Caroline de Haas \u2013 Collectif Nous toutes.&nbsp;<em>En finir avec les violences sexistes et sexuelles<\/em><\/p>\n\n\n\n<p>Lucie Peytavin (2021) &#8211; <em>Le co\u00fbt de la virilit\u00e9<\/em><\/p>\n\n\n\n<p><a href=\"https:\/\/arretonslesviolences.gouv.fr\/je-suis-professionnel\/chiffres-de-reference-violences-faites-aux-femmes?fbclid=IwAR28AE10FTVCYsKtkcChlsUT-UQZtWkByCBFTnBTg8eG532zxXH8iYtN3eo\">https:\/\/arretonslesviolences.gouv.fr\/je-suis-professionnel\/chiffres-de-reference-violences-faites-aux-femmes?fbclid=IwAR28AE10FTVCYsKtkcChlsUT-UQZtWkByCBFTnBTg8eG532zxXH8iYtN3eo<\/a><\/p>\n\n\n\n<p><a href=\"https:\/\/www.vie-publique.fr\/en-bref\/280594-victimes-de-violences-conjugales-bilan-de-lordonnance-de-protection\">https:\/\/www.vie-publique.fr\/en-bref\/280594-victimes-de-violences-conjugales-bilan-de-lordonnance-de-protection<\/a><\/p>\n\n\n\n<p><a href=\"https:\/\/www.insee.fr\/fr\/metadonnees\/source\/serie\/s1278\">https:\/\/www.insee.fr\/fr\/metadonnees\/source\/serie\/s1278<\/a><\/p>\n\n\n\n<figure class=\"wp-block-embed is-type-wp-embed is-provider-noustoutes wp-block-embed-noustoutes\"><div class=\"wp-block-embed__wrapper\">\n<blockquote class=\"wp-embedded-content\" data-secret=\"xph67lFngd\"><a href=\"https:\/\/www.noustoutes.org\/manuel-action\/chiffres-cles\/\">Les chiffres cl\u00e9s des violences<\/a><\/blockquote><iframe loading=\"lazy\" class=\"wp-embedded-content\" sandbox=\"allow-scripts\" security=\"restricted\" style=\"position: absolute; clip: rect(1px, 1px, 1px, 1px);\" title=\"\u00ab\u00a0Les chiffres cl\u00e9s des violences\u00a0\u00bb &#8212; #NousToutes\" src=\"https:\/\/www.noustoutes.org\/manuel-action\/chiffres-cles\/embed\/#?secret=0PHRNS8Cqe#?secret=xph67lFngd\" data-secret=\"xph67lFngd\" width=\"600\" height=\"338\" frameborder=\"0\" marginwidth=\"0\" marginheight=\"0\" scrolling=\"no\"><\/iframe>\n<\/div><\/figure>\n\n\n\n<p><a href=\"https:\/\/www.cvfe.be\/publications\/etudes\/348-le-sexisme-anti-hommes-pourquoi-il-n-existe-pas\">https:\/\/www.cvfe.be\/publications\/etudes\/348-le-sexisme-anti-hommes-pourquoi-il-n-existe-pas<\/a><\/p>\n\n\n\n<p><a href=\"https:\/\/www.cvfe.be\/publications\/analyses\/336-comprendre-et-combattre-les-violences-conjugales-les-lunettes-de-genre-face-aux-antifeminismes\">https:\/\/www.cvfe.be\/publications\/analyses\/336-comprendre-et-combattre-les-violences-conjugales-les-lunettes-de-genre-face-aux-antifeminismes<\/a><\/p>\n\n\n<div id=\"fb-root\"><\/div>\n<p><script async=\"\" defer=\"\" crossorigin=\"anonymous\" src=\"https:\/\/connect.facebook.net\/fr_FR\/sdk.js#xfbml=1&amp;version=v14.0\" nonce=\"NvTv9q6m\"><\/script><\/p>\n<div class=\"fb-like\" data-href=\"https:\/\/www.facebook.com\/ellelabiencherche\/\" data-width=\"\" data-layout=\"standard\" data-action=\"like\" data-size=\"small\" data-share=\"true\"><\/div>\n","protected":false},"excerpt":{"rendered":"<p>\u201c &#8211; Et toi tu fais quoi dans la vie ? &#8211; Je suis orthophoniste, plus r\u00e9cemment praticienne en hypnose, et il m\u2019arrive \u00e9galement de faire des interventions sur l\u2019\u00e9galit\u00e9 entre les hommes et les femmes ou sur les violences sexuelles.\u201d Il n\u2019en faut g\u00e9n\u00e9ralement pas plus pour que le sujet se lance, pas sp\u00e9cialement &hellip; <\/p>\n","protected":false},"author":1,"featured_media":159,"comment_status":"closed","ping_status":"open","sticky":false,"template":"","format":"standard","meta":{"footnotes":""},"categories":[15,17,4],"tags":[],"class_list":["post-115","post","type-post","status-publish","format-standard","has-post-thumbnail","hentry","category-feminisme","category-mes-articles","category-violences"],"yoast_head":"<!-- This site is optimized with the Yoast SEO plugin v20.4 - https:\/\/yoast.com\/wordpress\/plugins\/seo\/ -->\n<title>Parler du f\u00e9minisme en soir\u00e9e - Elle l&#039;a bien cherch\u00e9 !?<\/title>\n<meta name=\"robots\" content=\"index, follow, max-snippet:-1, max-image-preview:large, max-video-preview:-1\" \/>\n<link rel=\"canonical\" href=\"https:\/\/ellelabiencherche.com\/index.php\/2022\/06\/05\/parler-du-feminisme-en-soiree\/\" \/>\n<meta property=\"og:locale\" content=\"fr_FR\" \/>\n<meta property=\"og:type\" content=\"article\" \/>\n<meta property=\"og:title\" content=\"Parler du f\u00e9minisme en soir\u00e9e - Elle l&#039;a bien cherch\u00e9 !?\" \/>\n<meta property=\"og:description\" content=\"\u201c &#8211; Et toi tu fais quoi dans la vie ? &#8211; Je suis orthophoniste, plus r\u00e9cemment praticienne en hypnose, et il m\u2019arrive \u00e9galement de faire des interventions sur l\u2019\u00e9galit\u00e9 entre les hommes et les femmes ou sur les violences sexuelles.\u201d Il n\u2019en faut g\u00e9n\u00e9ralement pas plus pour que le sujet se lance, pas sp\u00e9cialement &hellip;\" \/>\n<meta property=\"og:url\" content=\"https:\/\/ellelabiencherche.com\/index.php\/2022\/06\/05\/parler-du-feminisme-en-soiree\/\" \/>\n<meta property=\"og:site_name\" content=\"Elle l&#039;a bien cherch\u00e9 !?\" \/>\n<meta property=\"article:publisher\" content=\"https:\/\/www.facebook.com\/ellelabiencherche\" \/>\n<meta property=\"article:published_time\" content=\"2022-06-05T01:28:43+00:00\" \/>\n<meta property=\"article:modified_time\" content=\"2025-01-17T01:46:28+00:00\" \/>\n<meta property=\"og:image\" content=\"https:\/\/ellelabiencherche.com\/wp-content\/uploads\/2022\/06\/toto-1024x638.png\" \/>\n\t<meta property=\"og:image:width\" content=\"1024\" \/>\n\t<meta property=\"og:image:height\" content=\"638\" \/>\n\t<meta property=\"og:image:type\" content=\"image\/png\" \/>\n<meta name=\"author\" content=\"Ellelabiencherche\" \/>\n<meta name=\"twitter:card\" content=\"summary_large_image\" \/>\n<meta name=\"twitter:label1\" content=\"\u00c9crit par\" \/>\n\t<meta name=\"twitter:data1\" content=\"Ellelabiencherche\" \/>\n\t<meta name=\"twitter:label2\" content=\"Dur\u00e9e de lecture estim\u00e9e\" \/>\n\t<meta name=\"twitter:data2\" content=\"23 minutes\" \/>\n<script type=\"application\/ld+json\" class=\"yoast-schema-graph\">{\"@context\":\"https:\/\/schema.org\",\"@graph\":[{\"@type\":\"Article\",\"@id\":\"https:\/\/ellelabiencherche.com\/index.php\/2022\/06\/05\/parler-du-feminisme-en-soiree\/#article\",\"isPartOf\":{\"@id\":\"https:\/\/ellelabiencherche.com\/index.php\/2022\/06\/05\/parler-du-feminisme-en-soiree\/\"},\"author\":{\"name\":\"Ellelabiencherche\",\"@id\":\"https:\/\/ellelabiencherche.com\/#\/schema\/person\/5e8873906d1eaa3e53b10ec9da970243\"},\"headline\":\"Parler du f\u00e9minisme en soir\u00e9e\",\"datePublished\":\"2022-06-05T01:28:43+00:00\",\"dateModified\":\"2025-01-17T01:46:28+00:00\",\"mainEntityOfPage\":{\"@id\":\"https:\/\/ellelabiencherche.com\/index.php\/2022\/06\/05\/parler-du-feminisme-en-soiree\/\"},\"wordCount\":4526,\"publisher\":{\"@id\":\"https:\/\/ellelabiencherche.com\/#organization\"},\"articleSection\":[\"F\u00e9minisme\",\"Mes articles\",\"Violences\"],\"inLanguage\":\"fr-FR\"},{\"@type\":\"WebPage\",\"@id\":\"https:\/\/ellelabiencherche.com\/index.php\/2022\/06\/05\/parler-du-feminisme-en-soiree\/\",\"url\":\"https:\/\/ellelabiencherche.com\/index.php\/2022\/06\/05\/parler-du-feminisme-en-soiree\/\",\"name\":\"Parler du f\u00e9minisme en soir\u00e9e - Elle l&#039;a bien cherch\u00e9 !?\",\"isPartOf\":{\"@id\":\"https:\/\/ellelabiencherche.com\/#website\"},\"datePublished\":\"2022-06-05T01:28:43+00:00\",\"dateModified\":\"2025-01-17T01:46:28+00:00\",\"breadcrumb\":{\"@id\":\"https:\/\/ellelabiencherche.com\/index.php\/2022\/06\/05\/parler-du-feminisme-en-soiree\/#breadcrumb\"},\"inLanguage\":\"fr-FR\",\"potentialAction\":[{\"@type\":\"ReadAction\",\"target\":[\"https:\/\/ellelabiencherche.com\/index.php\/2022\/06\/05\/parler-du-feminisme-en-soiree\/\"]}]},{\"@type\":\"BreadcrumbList\",\"@id\":\"https:\/\/ellelabiencherche.com\/index.php\/2022\/06\/05\/parler-du-feminisme-en-soiree\/#breadcrumb\",\"itemListElement\":[{\"@type\":\"ListItem\",\"position\":1,\"name\":\"Accueil\",\"item\":\"https:\/\/ellelabiencherche.com\/\"},{\"@type\":\"ListItem\",\"position\":2,\"name\":\"Parler du f\u00e9minisme en soir\u00e9e\"}]},{\"@type\":\"WebSite\",\"@id\":\"https:\/\/ellelabiencherche.com\/#website\",\"url\":\"https:\/\/ellelabiencherche.com\/\",\"name\":\"Elle l&#039;a bien cherch\u00e9 !?\",\"description\":\"Formation et sensibilisation - \u00c9galit\u00e9 femmes\/hommes - Lutte contre le sexisme - Fresque du sexisme\",\"publisher\":{\"@id\":\"https:\/\/ellelabiencherche.com\/#organization\"},\"potentialAction\":[{\"@type\":\"SearchAction\",\"target\":{\"@type\":\"EntryPoint\",\"urlTemplate\":\"https:\/\/ellelabiencherche.com\/?s={search_term_string}\"},\"query-input\":\"required name=search_term_string\"}],\"inLanguage\":\"fr-FR\"},{\"@type\":\"Organization\",\"@id\":\"https:\/\/ellelabiencherche.com\/#organization\",\"name\":\"Elle l'a bien cherch\u00e9 !\",\"url\":\"https:\/\/ellelabiencherche.com\/\",\"logo\":{\"@type\":\"ImageObject\",\"inLanguage\":\"fr-FR\",\"@id\":\"https:\/\/ellelabiencherche.com\/#\/schema\/logo\/image\/\",\"url\":\"https:\/\/ellelabiencherche.com\/wp-content\/uploads\/2022\/06\/blog-Couverture-Facebook3.jpeg\",\"contentUrl\":\"https:\/\/ellelabiencherche.com\/wp-content\/uploads\/2022\/06\/blog-Couverture-Facebook3.jpeg\",\"width\":851,\"height\":315,\"caption\":\"Elle l'a bien cherch\u00e9 !\"},\"image\":{\"@id\":\"https:\/\/ellelabiencherche.com\/#\/schema\/logo\/image\/\"},\"sameAs\":[\"https:\/\/www.facebook.com\/ellelabiencherche\",\"https:\/\/www.instagram.com\/ellelabiencherche\/\"]},{\"@type\":\"Person\",\"@id\":\"https:\/\/ellelabiencherche.com\/#\/schema\/person\/5e8873906d1eaa3e53b10ec9da970243\",\"name\":\"Ellelabiencherche\",\"image\":{\"@type\":\"ImageObject\",\"inLanguage\":\"fr-FR\",\"@id\":\"https:\/\/ellelabiencherche.com\/#\/schema\/person\/image\/\",\"url\":\"https:\/\/secure.gravatar.com\/avatar\/5f17d17e4a2b501108620635a6e3efa24ad926d9f0348bafe042c86dc4fd6f97?s=96&d=mm&r=g\",\"contentUrl\":\"https:\/\/secure.gravatar.com\/avatar\/5f17d17e4a2b501108620635a6e3efa24ad926d9f0348bafe042c86dc4fd6f97?s=96&d=mm&r=g\",\"caption\":\"Ellelabiencherche\"},\"sameAs\":[\"http:\/\/ellelabiencherche.com\"],\"url\":\"https:\/\/ellelabiencherche.com\/index.php\/author\/gueno\/\"}]}<\/script>\n<!-- \/ Yoast SEO plugin. -->","yoast_head_json":{"title":"Parler du f\u00e9minisme en soir\u00e9e - Elle l&#039;a bien cherch\u00e9 !?","robots":{"index":"index","follow":"follow","max-snippet":"max-snippet:-1","max-image-preview":"max-image-preview:large","max-video-preview":"max-video-preview:-1"},"canonical":"https:\/\/ellelabiencherche.com\/index.php\/2022\/06\/05\/parler-du-feminisme-en-soiree\/","og_locale":"fr_FR","og_type":"article","og_title":"Parler du f\u00e9minisme en soir\u00e9e - Elle l&#039;a bien cherch\u00e9 !?","og_description":"\u201c &#8211; Et toi tu fais quoi dans la vie ? &#8211; Je suis orthophoniste, plus r\u00e9cemment praticienne en hypnose, et il m\u2019arrive \u00e9galement de faire des interventions sur l\u2019\u00e9galit\u00e9 entre les hommes et les femmes ou sur les violences sexuelles.\u201d Il n\u2019en faut g\u00e9n\u00e9ralement pas plus pour que le sujet se lance, pas sp\u00e9cialement &hellip;","og_url":"https:\/\/ellelabiencherche.com\/index.php\/2022\/06\/05\/parler-du-feminisme-en-soiree\/","og_site_name":"Elle l&#039;a bien cherch\u00e9 !?","article_publisher":"https:\/\/www.facebook.com\/ellelabiencherche","article_published_time":"2022-06-05T01:28:43+00:00","article_modified_time":"2025-01-17T01:46:28+00:00","og_image":[{"width":1024,"height":638,"url":"https:\/\/ellelabiencherche.com\/wp-content\/uploads\/2022\/06\/toto-1024x638.png","type":"image\/png"}],"author":"Ellelabiencherche","twitter_card":"summary_large_image","twitter_misc":{"\u00c9crit par":"Ellelabiencherche","Dur\u00e9e de lecture estim\u00e9e":"23 minutes"},"schema":{"@context":"https:\/\/schema.org","@graph":[{"@type":"Article","@id":"https:\/\/ellelabiencherche.com\/index.php\/2022\/06\/05\/parler-du-feminisme-en-soiree\/#article","isPartOf":{"@id":"https:\/\/ellelabiencherche.com\/index.php\/2022\/06\/05\/parler-du-feminisme-en-soiree\/"},"author":{"name":"Ellelabiencherche","@id":"https:\/\/ellelabiencherche.com\/#\/schema\/person\/5e8873906d1eaa3e53b10ec9da970243"},"headline":"Parler du f\u00e9minisme en soir\u00e9e","datePublished":"2022-06-05T01:28:43+00:00","dateModified":"2025-01-17T01:46:28+00:00","mainEntityOfPage":{"@id":"https:\/\/ellelabiencherche.com\/index.php\/2022\/06\/05\/parler-du-feminisme-en-soiree\/"},"wordCount":4526,"publisher":{"@id":"https:\/\/ellelabiencherche.com\/#organization"},"articleSection":["F\u00e9minisme","Mes articles","Violences"],"inLanguage":"fr-FR"},{"@type":"WebPage","@id":"https:\/\/ellelabiencherche.com\/index.php\/2022\/06\/05\/parler-du-feminisme-en-soiree\/","url":"https:\/\/ellelabiencherche.com\/index.php\/2022\/06\/05\/parler-du-feminisme-en-soiree\/","name":"Parler du f\u00e9minisme en soir\u00e9e - Elle l&#039;a bien cherch\u00e9 !?","isPartOf":{"@id":"https:\/\/ellelabiencherche.com\/#website"},"datePublished":"2022-06-05T01:28:43+00:00","dateModified":"2025-01-17T01:46:28+00:00","breadcrumb":{"@id":"https:\/\/ellelabiencherche.com\/index.php\/2022\/06\/05\/parler-du-feminisme-en-soiree\/#breadcrumb"},"inLanguage":"fr-FR","potentialAction":[{"@type":"ReadAction","target":["https:\/\/ellelabiencherche.com\/index.php\/2022\/06\/05\/parler-du-feminisme-en-soiree\/"]}]},{"@type":"BreadcrumbList","@id":"https:\/\/ellelabiencherche.com\/index.php\/2022\/06\/05\/parler-du-feminisme-en-soiree\/#breadcrumb","itemListElement":[{"@type":"ListItem","position":1,"name":"Accueil","item":"https:\/\/ellelabiencherche.com\/"},{"@type":"ListItem","position":2,"name":"Parler du f\u00e9minisme en soir\u00e9e"}]},{"@type":"WebSite","@id":"https:\/\/ellelabiencherche.com\/#website","url":"https:\/\/ellelabiencherche.com\/","name":"Elle l&#039;a bien cherch\u00e9 !?","description":"Formation et sensibilisation - \u00c9galit\u00e9 femmes\/hommes - Lutte contre le sexisme - Fresque du sexisme","publisher":{"@id":"https:\/\/ellelabiencherche.com\/#organization"},"potentialAction":[{"@type":"SearchAction","target":{"@type":"EntryPoint","urlTemplate":"https:\/\/ellelabiencherche.com\/?s={search_term_string}"},"query-input":"required name=search_term_string"}],"inLanguage":"fr-FR"},{"@type":"Organization","@id":"https:\/\/ellelabiencherche.com\/#organization","name":"Elle l'a bien cherch\u00e9 !","url":"https:\/\/ellelabiencherche.com\/","logo":{"@type":"ImageObject","inLanguage":"fr-FR","@id":"https:\/\/ellelabiencherche.com\/#\/schema\/logo\/image\/","url":"https:\/\/ellelabiencherche.com\/wp-content\/uploads\/2022\/06\/blog-Couverture-Facebook3.jpeg","contentUrl":"https:\/\/ellelabiencherche.com\/wp-content\/uploads\/2022\/06\/blog-Couverture-Facebook3.jpeg","width":851,"height":315,"caption":"Elle l'a bien cherch\u00e9 !"},"image":{"@id":"https:\/\/ellelabiencherche.com\/#\/schema\/logo\/image\/"},"sameAs":["https:\/\/www.facebook.com\/ellelabiencherche","https:\/\/www.instagram.com\/ellelabiencherche\/"]},{"@type":"Person","@id":"https:\/\/ellelabiencherche.com\/#\/schema\/person\/5e8873906d1eaa3e53b10ec9da970243","name":"Ellelabiencherche","image":{"@type":"ImageObject","inLanguage":"fr-FR","@id":"https:\/\/ellelabiencherche.com\/#\/schema\/person\/image\/","url":"https:\/\/secure.gravatar.com\/avatar\/5f17d17e4a2b501108620635a6e3efa24ad926d9f0348bafe042c86dc4fd6f97?s=96&d=mm&r=g","contentUrl":"https:\/\/secure.gravatar.com\/avatar\/5f17d17e4a2b501108620635a6e3efa24ad926d9f0348bafe042c86dc4fd6f97?s=96&d=mm&r=g","caption":"Ellelabiencherche"},"sameAs":["http:\/\/ellelabiencherche.com"],"url":"https:\/\/ellelabiencherche.com\/index.php\/author\/gueno\/"}]}},"_links":{"self":[{"href":"https:\/\/ellelabiencherche.com\/index.php\/wp-json\/wp\/v2\/posts\/115","targetHints":{"allow":["GET"]}}],"collection":[{"href":"https:\/\/ellelabiencherche.com\/index.php\/wp-json\/wp\/v2\/posts"}],"about":[{"href":"https:\/\/ellelabiencherche.com\/index.php\/wp-json\/wp\/v2\/types\/post"}],"author":[{"embeddable":true,"href":"https:\/\/ellelabiencherche.com\/index.php\/wp-json\/wp\/v2\/users\/1"}],"replies":[{"embeddable":true,"href":"https:\/\/ellelabiencherche.com\/index.php\/wp-json\/wp\/v2\/comments?post=115"}],"version-history":[{"count":26,"href":"https:\/\/ellelabiencherche.com\/index.php\/wp-json\/wp\/v2\/posts\/115\/revisions"}],"predecessor-version":[{"id":375,"href":"https:\/\/ellelabiencherche.com\/index.php\/wp-json\/wp\/v2\/posts\/115\/revisions\/375"}],"wp:featuredmedia":[{"embeddable":true,"href":"https:\/\/ellelabiencherche.com\/index.php\/wp-json\/wp\/v2\/media\/159"}],"wp:attachment":[{"href":"https:\/\/ellelabiencherche.com\/index.php\/wp-json\/wp\/v2\/media?parent=115"}],"wp:term":[{"taxonomy":"category","embeddable":true,"href":"https:\/\/ellelabiencherche.com\/index.php\/wp-json\/wp\/v2\/categories?post=115"},{"taxonomy":"post_tag","embeddable":true,"href":"https:\/\/ellelabiencherche.com\/index.php\/wp-json\/wp\/v2\/tags?post=115"}],"curies":[{"name":"wp","href":"https:\/\/api.w.org\/{rel}","templated":true}]}}