{"id":1,"date":"2022-01-09T14:34:17","date_gmt":"2022-01-09T13:34:17","guid":{"rendered":"http:\/\/ellelabiencherche.com\/?p=1"},"modified":"2025-01-17T02:46:29","modified_gmt":"2025-01-17T01:46:29","slug":"responsabilite-des-victimes","status":"publish","type":"post","link":"https:\/\/ellelabiencherche.com\/index.php\/2022\/01\/09\/responsabilite-des-victimes\/","title":{"rendered":"Les victimes de violences sont-elles en partie responsables de ce qu&#8217;elles subissent ? (spoiler : non ! non ! et non !)"},"content":{"rendered":"\n<p class=\"has-drop-cap\">J\u2019entends r\u00e9guli\u00e8rement qu\u2019une victime de violence serait en partie <strong>responsable<\/strong> de ce qu\u2019elle subit, ou a subi. De la bouche d\u2019inconnus, de connaissances, d\u2019amis, de th\u00e9rapeutes, hommes ou femmes. <\/p>\n\n\n\n<p>Cette id\u00e9e est assez suffisamment ancr\u00e9e pour \u00eatre r\u00e9p\u00e9t\u00e9e, souvent sans argumentation, comme le sont les croyances.<\/p>\n\n\n\n<p>Ce texte ne juge personne, il est au contraire une invitation \u00e0 r\u00e9fl\u00e9chir mais surtout \u00e0 s\u2019informer. Car il existe d\u00e9sormais bon nombre de travaux sur le sujet, qui tordent le cou \u00e0 certaines id\u00e9es re\u00e7ues. Nous avons tous des intuitions et des id\u00e9es sur ce sujet de soci\u00e9t\u00e9 qu\u2019est la violence. Mais les confronter \u00e0 l\u2019\u00e9tat des connaissances est une \u00e9tape fondamentale, surtout lorsqu\u2019on s&#8217;appr\u00eate \u00e0 aider, \u00e0 \u00e9couter, \u00e0 accompagner une personne victime de violences, dans un cadre professionnel ou personnel. On a tous int\u00e9r\u00eat \u00e0 se former aux m\u00e9canismes de la violence, se renseigner sur ce que sont les violences conjugales, les violences sexuelles, lire des ouvrages, \u00e9couter les personnes qui d\u00e9dient leur carri\u00e8re \u00e0 \u00e9tudier ces m\u00e9canismes (sur les plans clinique, neurobiologique, psychologique, social, et qui se battent pour une meilleure prise en charge des victimes de violence).<\/p>\n\n\n\n<p><strong>Avoir subi soi-m\u00eame des violences ne fait pas de nous un\u00b7e expert\u00b7e<\/strong>. Car on peut \u00eatre persuad\u00e9 d\u2019avoir raison sur son chemin personnel, faire passer ses croyances au crible d\u2019 une validation externe d\u2019un consensus d\u2019experts (professionnels) sur la question permet d\u2019\u00e9viter bien des \u00e9cueils. La violence est un vaste sujet, choisissons quelques exemples :<\/p>\n\n\n\n<p>[NB : Compte tenu des statistiques, les exemples pris lors de la r\u00e9daction de cet article concernent plut\u00f4t des violences exerc\u00e9es par des hommes sur des femmes, mais il est entendu que les violences exerc\u00e9es par des femmes et\/ou \u00e0 l&#8217;encontre d&#8217;hommes existent \u00e9galement. ]<\/p>\n\n\n\n<p class=\"has-vivid-purple-color has-text-color has-large-font-size\"><strong>Sur les violences conjugales<\/strong><\/p>\n\n\n\n<p>On peut parfois entendre : <\/p>\n\n\n\n<p class=\"has-medium-font-size\">\u00ab Si elle reste avec son mari violent, c\u2019est son choix ! <\/p>\n\n\n\n<p class=\"has-medium-font-size\">\u00ab Elle est en partie responsable de ce qu\u2019elle subit ! \u00bb<\/p>\n\n\n\n<p>Le fait qu\u2019une personne puisse subir des violences r\u00e9p\u00e9t\u00e9es et qu\u2019elle reste aupr\u00e8s du conjoint violent appara\u00eet en effet tr\u00e8s myst\u00e9rieux. Il est facile de penser que si elle reste, c\u2019est que c\u2019est son choix, elle pourrait partir apr\u00e8s tout ! Mais penser ainsi, c\u2019est ignorer les \u00e9l\u00e9ments suivants :<\/p>\n\n\n\n<p class=\"has-vivid-cyan-blue-color has-text-color has-medium-font-size\"><img loading=\"lazy\" decoding=\"async\" alt=\"\u27a1\" src=\"https:\/\/static.xx.fbcdn.net\/images\/emoji.php\/v9\/t9e\/1\/16\/27a1.png\" width=\"16\" height=\"16\"> l<strong>e ph\u00e9nom\u00e8ne de dissociation traumatique<\/strong> [1] [2] [20]<\/p>\n\n\n\n<p>En voici une explication r\u00e9sum\u00e9e : la dissociation est le m\u00e9canisme par lequel, lorsqu\u2019une personne est confront\u00e9e \u00e0 une situation de violence, le cerveau op\u00e8re une d\u00e9connexion des \u00e9motions, faisant ainsi disjoncter le circuit du stress intense. Sans cette d\u00e9connexion, le stress trop important peut entra\u00eener un risque vital.<\/p>\n\n\n\n<p>Stress intense \u2192 s\u00e9cr\u00e9tion d\u2019adr\u00e9naline et de cortisol \u2192 augmentation du rythme cardiaque et de la respiration : c\u2019est grosso modo la cascade des \u00e9v\u00e9nements provoqu\u00e9s par une situation de violence. Si la situation dure, elle devient risqu\u00e9e physiologiquement. La personne est en danger. Pour se prot\u00e9ger, le cerveau disjoncte. La victime plonge dans une anesth\u00e9sie \u00e9motionnelle. On dit qu\u2019elle est \u201cdissoci\u00e9e\u201d. Lorsque les violences sont r\u00e9p\u00e9t\u00e9es, la victime peut se retrouver en \u00e9tat de dissociation chronique. C\u2019est ainsi par exemple qu\u2019elle racontera les violences subies sans aucune \u00e9motion. J\u2019ai eu l\u2019occasion d\u2019expliquer \u00e0 une patiente ce ph\u00e9nom\u00e8ne. Elle me disait : \u00ab c\u2019est vrai, quand je vous raconte \u00e7a [les coups de son mari], je ressens rien, c\u2019est comme si c\u2019\u00e9tait quelqu\u2019un d\u2019autre, alors que je sais que je suis quelqu\u2019un de sensible pourtant \u00bb. Ce ph\u00e9nom\u00e8ne de dissociation est un m\u00e9canisme de d\u00e9fense.<\/p>\n\n\n\n<p>Mais il a des inconv\u00e9nients majeurs : <\/p>\n\n\n\n<p><img loading=\"lazy\" decoding=\"async\" alt=\"\u25aa\" src=\"https:\/\/static.xx.fbcdn.net\/images\/emoji.php\/v9\/t4c\/1\/16\/25aa.png\" width=\"16\" height=\"16\"> par cette d\u00e9connexion et cette absence d\u2019\u00e9motion,<strong> il emp\u00eache la victime d\u2019acc\u00e9der \u00e0 la r\u00e9alit\u00e9 et \u00e0 la gravit\u00e9 de ce qu\u2019elle vit<\/strong>. Cette m\u00eame patiente me racontait des situations dans lesquelles elle \u00e9tait clairement en danger et me disait : \u00ab mais c\u2019est pas grave, je sais que \u00e7a peut avoir l\u2019air grave mais moi j\u2019ai l\u2019impression que c\u2019est pas grave\u00bb. Cette dissociation prive la victime de ses capacit\u00e9s \u00e9motionnelles, l\u2019emp\u00eache de s\u2019opposer ou de fuir, et augmente son seuil de tol\u00e9rance \u00e0 la douleur, ce qui explique les ph\u00e9nom\u00e8nes d\u2019emprise, et d\u00e9soriente les personnes qui sont en contact avec la victime [3]. Ce qui constitue de facto un frein \u00e0 l\u2019action. <\/p>\n\n\n\n<p><img loading=\"lazy\" decoding=\"async\" alt=\"\u25aa\" src=\"https:\/\/static.xx.fbcdn.net\/images\/emoji.php\/v9\/t4c\/1\/16\/25aa.png\" width=\"16\" height=\"16\"> cette dissociation, en d\u00e9connectant le circuit normal du traitement d\u2019une situation stressante par le cerveau, emp\u00eache son analyse. <strong>Une m\u00e9moire traumatique<\/strong> s\u2019installe : l\u2019\u00e9v\u00e9nement stressant pourra \u00eatre rev\u00e9cu &#8211; \u00e0 l\u2019identique, donc avec le m\u00eame effet sid\u00e9rant du cortex &#8211; m\u00eame des ann\u00e9es apr\u00e8s. [2] <\/p>\n\n\n\n<p><img loading=\"lazy\" decoding=\"async\" width=\"16\" height=\"16\" src=\"https:\/\/static.xx.fbcdn.net\/images\/emoji.php\/v9\/t4c\/1\/16\/25aa.png\" alt=\"\u25aa\"> paradoxalement, les victimes dissoci\u00e9es-anesth\u00e9si\u00e9es se sentent tr\u00e8s mal en quittant leur compagnon violent : en g\u00e9n\u00e9ral, la dissociation s\u2019att\u00e9nue ou dispara\u00eet lorsqu\u2019elles s\u2019\u00e9loignent ; la violence de tout ce qu\u2019elles ont subi surgit alors : \u201cLa victime peut soudain \u00eatre confront\u00e9e \u00e0 un v\u00e9ritable tsunami d\u2019\u00e9motions et d\u2019images terrifiantes qui vont d\u00e9ferler en elle, accompagn\u00e9es d\u2019une grande souffrance et une grande d\u00e9tresse, le plus souvent sous la forme de fragments de sc\u00e8ne, de flashbacks (images, sons, odeurs, sensations), de reviviscences d\u2019\u00e9motions et d\u2019\u00e9prouv\u00e9s sensori-moteurs (impression de tomber, de recevoir des coups, d\u2019\u00eatre touch\u00e9e, attrap\u00e9e, etc.), de cauchemars, accompagn\u00e9s des m\u00eames sensations de mort imminente ce qui entra\u00eene des attaques de panique terrifiantes\u201c [1]. C\u2019est parfois tellement insupportable que certaines d\u2019entres elles retournent aupr\u00e8s de leur bourreau, aupr\u00e8s de celui qui va pouvoir les sid\u00e9rer en un regard, rallumer la m\u00e9moire traumatique, et ainsi les remettre dans cet \u00e9tat de dissociation. [3] <\/p>\n\n\n\n<p><img loading=\"lazy\" decoding=\"async\" alt=\"\u25aa\" src=\"https:\/\/static.xx.fbcdn.net\/images\/emoji.php\/v9\/t4c\/1\/16\/25aa.png\" width=\"16\" height=\"16\"> finalement, et tristement plus \u201cconfortable\u201d pour les victimes, cette dissociation peut \u00eatre per\u00e7ue comme une protection efficace. Mais elle est \u00e9videmment un signe de gravit\u00e9 concernant le psychotraumatisme. Les violences r\u00e9p\u00e9t\u00e9es, au-del\u00e0 de toutes les cons\u00e9quences psychiques et physiques qu\u2019elles entra\u00eenent, causent des d\u00e9g\u00e2ts neurologiques visibles \u00e0 l\u2019IRM.<\/p>\n\n\n\n<p class=\"has-vivid-cyan-blue-color has-text-color has-medium-font-size\"><img loading=\"lazy\" decoding=\"async\" alt=\"\u27a1\" src=\"https:\/\/static.xx.fbcdn.net\/images\/emoji.php\/v9\/t9e\/1\/16\/27a1.png\" width=\"16\" height=\"16\"> <strong>Le ph\u00e9nom\u00e8ne d\u2019emprise<\/strong><\/p>\n\n\n\n<p>Il d\u00e9crit une relation de domination\/soumission, lorsqu\u2019un des partenaires est consid\u00e9r\u00e9 par l\u2019autre comme un objet, ses d\u00e9sirs et ses besoins propres \u00e9tant ni\u00e9s. L\u2019emprise commence souvent par une phase de s\u00e9duction (\u201con est fait l\u2019un pour l\u2019autre\u201d), marquant les d\u00e9buts d\u2019une relation fusionnelle, d\u2019un amour id\u00e9alis\u00e9 qui pr\u00e9pare la soumission. Surviennent ensuite manipulation, violence, domination, par divers proc\u00e9d\u00e9s : isolement, inversion de culpabilit\u00e9, confusion, d\u00e9stabilisation. Cela entra\u00eene chez la victime une baisse de capacit\u00e9 critique, un \u00e9puisement psychique, un doute sur ses propres ressentis, un sentiment de vide, rendant l\u2019action extr\u00eamement difficile.<\/p>\n\n\n\n<p class=\"has-vivid-cyan-blue-color has-text-color has-medium-font-size\"><img loading=\"lazy\" decoding=\"async\" width=\"16\" height=\"16\" alt=\"\u27a1\" src=\"https:\/\/static.xx.fbcdn.net\/images\/emoji.php\/v9\/t9e\/1\/16\/27a1.png\"> <strong>Le cycle de la violence [13] [20]<\/strong><\/p>\n\n\n\n<p>La violence conjugale se d\u00e9veloppe \u00e0 travers des cycles. Les p\u00e9riodes de tension et les phases d\u2019explosions violentes se succ\u00e8dent, entrecoup\u00e9es par des phases de \u201clune de miel\u201d durant lesquelles l\u2019agresseur minimise, rend la victime responsable, justifie son comportement, et promet de ne plus recommencer. Plus le cycle se r\u00e9p\u00e8te, plus l\u2019emprise est forte et plus courtes sont les lunes de miel.<\/p>\n\n\n\n<p class=\"has-vivid-cyan-blue-color has-text-color has-medium-font-size\"><img loading=\"lazy\" decoding=\"async\" width=\"16\" height=\"16\" alt=\"\u27a1\" src=\"https:\/\/static.xx.fbcdn.net\/images\/emoji.php\/v9\/t9e\/1\/16\/27a1.png\"> <strong>L\u2019aspect in\u00e9galitaire des violences<\/strong><\/p>\n\n\n\n<p>Le risque de subir des violences quand on est une femme est largement plus \u00e9lev\u00e9 que quand on est un homme, par exemple. M\u00eame si les violences touchent tous les milieux sociaux, les femmes pauvres sont en proportion plus touch\u00e9es. On a plus de chances d\u2019aller consulter un m\u00e9decin, un psy, d\u2019aller porter plainte, de faire confiance aux institutions dans certains milieux que dans d\u2019autres. Adulte, une personne a plus de chances de subir de la violence quand elle a \u00e9t\u00e9 expos\u00e9e \u00e0 des violences \u00e9tant enfant, directement ou indirectement (t\u00e9moin de violence entre les parents par exemple), ou si elle a \u00e9t\u00e9 expos\u00e9e \u00e0 des violences pr\u00e9c\u00e9demment dans sa vie d\u2019adulte et en l\u2019absence de prise en charge psychologique . Le risque est grand qu\u2019elles deviennent des victimes de choix pour des agresseurs \u00e0 l\u2019aff\u00fbt. Plus l\u2019interlocuteur est dangereux, plus il r\u00e9veillera la m\u00e9moire traumatique de la victime qu\u2019il s\u2019est choisie par des attitudes et des paroles d\u00e9plac\u00e9es ou incongrues, par une mise en sc\u00e8ne de domination, et plus il g\u00e9n\u00e9rera ainsi une dissociation chez elle, et la mettra dans un \u00e9tat hypno\u00efde qui la rendra incapable de penser, de se d\u00e9fendre, sous emprise. Elle sera \u00ab en panne \u00bb, embrouill\u00e9e, totalement confuse et donc tr\u00e8s vuln\u00e9rable. Cet \u00e9tat d\u2019incapacit\u00e9, la victime le pensera d\u00fb \u00e0 sa stupidit\u00e9, \u00e0 son inf\u00e9riorit\u00e9 ou \u00e0 sa timidit\u00e9 maladive, alors qu\u2019il est directement li\u00e9 au d\u00e9clenchement de m\u00e9canismes de sauvegarde face au danger que repr\u00e9sente l\u2019interlocuteur. M\u00e9canismes qui pourraient \u00eatre une bonne sonnette d\u2019alarme, si la victime en \u00e9tait inform\u00e9e. Mais au lieu de cela, cette situation de danger sera interpr\u00e9t\u00e9e \u00e0 l\u2019avantage de l\u2019interlocuteur pervers.\u201d [4] Cela explique notamment les ph\u00e9nom\u00e8nes de revictimisation (le fait d&#8217;\u00eatre agress\u00e9e une seconde fois). Ainsi, estimer qu\u2019on est \u201cresponsable\u201d de ce que l\u2019on vit, ce serait oublier un peu vite qu\u2019on ne part pas tous avec les m\u00eames chances dans la vie. Ce serait aussi exclure la dimension politique et sociale et collective de ce sujet, pour ramener nos vies \u00e0 une somme de choix individuels\u2026<\/p>\n\n\n\n<p class=\"has-vivid-cyan-blue-color has-text-color has-medium-font-size\"><img loading=\"lazy\" decoding=\"async\" alt=\"\u27a1\" src=\"https:\/\/static.xx.fbcdn.net\/images\/emoji.php\/v9\/t9e\/1\/16\/27a1.png\" width=\"16\" height=\"16\"><strong> Les f\u00e9minicides [11] [12]<\/strong><\/p>\n\n\n\n<p>Les femmes victimes de violences conjugales ont du mal \u00e0 partir parce qu\u2019elles ont peur que leur compagnon ne les tue, \u00e0 juste titre. Trois f\u00e9minicides sur quatre ont lieu pendant ou peu de temps apr\u00e8s la s\u00e9paration. On parle de crime de \u201cpropri\u00e9t\u00e9\u201d. La depossession de la femme, consid\u00e9r\u00e9e comme un objet, est tr\u00e8s souvent le d\u00e9clencheur du passage \u00e0 l\u2019acte.<\/p>\n\n\n\n<p><img loading=\"lazy\" decoding=\"async\" width=\"16\" height=\"16\" src=\"https:\/\/static.xx.fbcdn.net\/images\/emoji.php\/v9\/t33\/1\/16\/2705.png\" alt=\"\u2705\"> En r\u00e9sum\u00e9, dire \u00e0 une victime de violence conjugales \u201cqu\u2019elle n\u2019a qu\u2019\u00e0 partir\u201d, \u201cque si elle reste, c\u2019est que \u00e7a doit lui convenir\u201d, c\u2019est comme demander \u00e0 une personne qui a une jambe cass\u00e9e (et non pl\u00e2tr\u00e9e) pourquoi elle ne s\u2019en va pas. Apr\u00e8s tout, il lui suffit de se lever et de courir ! Ce n\u2019est pas impossible, mais peut \u00eatre que marcher avec sa jambe cass\u00e9e lui fera si mal que rester assise dans le fauteuil sans bouger sera largement plus faisable. Si elle ose malgr\u00e9 tout se lever et faire quelques pas, elle aura peut-\u00eatre si mal qu\u2019elle pr\u00e9f\u00e9rera faire demi-tour et retourner s&#8217;asseoir. Maintenant, imaginons qu\u2019\u00e0 chaque fois que la jambe commence \u00e0 gu\u00e9rir un bourreau vient la lui recasser\u2026<\/p>\n\n\n\n<p class=\"has-vivid-purple-color has-text-color has-large-font-size\"><strong>Sur la p\u00e9docriminalit\u00e9 <img loading=\"lazy\" decoding=\"async\" width=\"16\" height=\"16\" src=\"https:\/\/static.xx.fbcdn.net\/images\/emoji.php\/v9\/tdd\/1\/16\/274c.png\" alt=\"\u274c\"> PAS CONSENTANTS, PAS RESPONSABLES<\/strong><\/p>\n\n\n\n<p class=\"has-drop-cap\">Un enfant est un \u00eatre vuln\u00e9rable et manipulable. Qui plus est par une personne qui est en position d\u2019autorit\u00e9. Il n\u2019a ni le discernement ni la maturit\u00e9 psychoaffective n\u00e9cessaires pour consentir de fa\u00e7on libre et \u00e9clair\u00e9e \u00e0 un acte sexuel avec un adulte ou un adolescent. <\/p>\n\n\n\n<p>Il n\u2019a pas les capacit\u00e9s \u00e9motionnelles d\u2019\u00eatre confront\u00e9 \u00e0 une sexualit\u00e9 adulte ou adolescente : il ne sait m\u00eame pas ce dont il s\u2019agit vraiment (et les agresseurs ont souvent bien soin de d\u00e9guiser leurs agissements en soit disant \u201cacte d\u2019amour\u201d ou de \u201ctendresse\u201d). Un enfant n\u2019anticipe pas et ne ma\u00eetrise pas la r\u00e9alit\u00e9 et l\u2019impact \u00e9motionnel que les actes p\u00e9docriminels auront sur lui, sur sa sant\u00e9 et sur son d\u00e9veloppement. Il n\u2019a pas la capacit\u00e9 de s\u2019opposer \u00e0 un adulte et de faire valoir sa volont\u00e9 et ses droits. Il est dans une situation de pouvoir in\u00e9galitaire. Il est contraint physiquement et ou moralement. Il ne dispose pas de la maturit\u00e9 pour s&#8217;assurer de sa protection et de sa s\u00e9curit\u00e9. Il ne sait pas comment pr\u00e9venir les cons\u00e9quences n\u00e9fastes pour sa sant\u00e9 (maladies sexuellement transmissibles, risques de grossesse, impact sur l&#8217;estime de soi, respect de la dignit\u00e9). <\/p>\n\n\n\n<p>Compte tenu de tous ces aspects, une relation sexuelle entre un adulte et un enfant est par essence violente. Et en aucun cas l\u2019enfant ne peut \u00eatre tenu pour responsable d\u2019un acte criminel qu\u2019il subit. Avoir subi des violences sexuelles dans l&#8217;enfance et ne pas avoir \u00e9t\u00e9 prot\u00e9g\u00e9 ni avoir \u00e9t\u00e9 pris en charge repr\u00e9sente le premier facteur de risque de mort pr\u00e9coce, de suicide et tentatives de suicide, de d\u00e9pressions \u00e0 r\u00e9p\u00e9tition, de troubles alimentaires, de conduites addictives (alcool, drogues), de mises en danger, de subir \u00e0 nouveau des violences, de troubles cardio-vasculaires, pulmonaires, de diab\u00e8te, de troubles immunitaires, gyn\u00e9co-obst\u00e9tricaux, digestifs, de cancers, etc. avec \u00e9galement de lourdes cons\u00e9quences sur la vie professionnelle, affective et sexuelle. [5] [19] [20]<\/p>\n\n\n\n<p class=\"has-vivid-purple-color has-text-color has-large-font-size\"><strong>Les violences sexuelles : &#8220;Elle l&#8217;a bien cherch\u00e9&#8221;<\/strong><\/p>\n\n\n\n<p class=\"has-drop-cap\">Ce qui revient le plus souvent autour de cette question de la responsabilit\u00e9 (et v\u00e9rifi\u00e9 par un sondage Ipsos r\u00e9cent sur les repr\u00e9sentations sexuelles des Fran\u00e7ais sur le viol, [6], c\u2019est <strong>l\u2019id\u00e9e que si la victime avait une attitude provocante ou portait une tenue affriolante, alors la responsabilit\u00e9 du violeur serait att\u00e9nu\u00e9e<\/strong>. La victime serait en partie responsable du viol.<\/p>\n\n\n\n<p><\/p>\n\n\n\n<p class=\"has-vivid-cyan-blue-color has-text-color has-medium-font-size\"> <strong> Les mythes autour du viol<\/strong><\/p>\n\n\n\n<p class=\"has-drop-cap\">Il existe de nombreux \u201cmythes\u201d autour du viol [7][14] [20]. Celui-ci pourrait s\u2019appeler le mythe \u201cElle l\u2019a bien cherch\u00e9\u201d. Il rejoint les autres mythes \u201cles hommes ont des pulsions sexuelles incontrolables\u201d et \u201cle viol est un d\u00e9rapage d\u2019une situation de s\u00e9duction, voire un malentendu\u201d.<\/p>\n\n\n\n<p>Ces mythes ont \u00e9t\u00e9 \u00e9tudi\u00e9s par des sociologues et psychologues sociaux et peuvent se d\u00e9finir comme les <strong>\u00ab attitudes et croyances g\u00e9n\u00e9ralement fausses, mais r\u00e9pandues et persistantes, permettant de nier et de justifier l\u2019agression sexuelle masculine contre les femmes \u00bb<\/strong> [8]. Ces pr\u00e9jug\u00e9s sont partie int\u00e9grante de \u201cla culture du viol\u201d [15], c\u2019est-\u00e0-dire ce syst\u00e8me de repr\u00e9sentations (dans les mentalit\u00e9s, les m\u00e9dias, l\u2019\u00e9ducation, la parole politique, les pubs, les films, les articles de journaux [9]) qui minimise, invisibilise les viols, et tend \u00e0 humilier, culpabiliser, responsabiliser les victimes. La culture du viol inverse la culpabilit\u00e9, la faisant peser sur les victimes. L\u2019id\u00e9e que les personnes qui subissent des viols sont les femmes provocantes habill\u00e9es avec des mini jupes, est non seulement culpabilisante, mais fausse. Car les violeurs choisissent les personnes les plus vuln\u00e9rables. Les personnes les plus concern\u00e9es sont d\u2019ailleurs les femmes en situation de handicap ! [10] Et les enfants ! <\/p>\n\n\n\n<p>Pour un article plus d\u00e9taill\u00e9 sur les mythes sur le viol, cliquez <a href=\"https:\/\/ellelabiencherche.com\/index.php\/2022\/05\/27\/elle-la-bien-cherche\/\" target=\"_blank\" rel=\"noreferrer noopener\">ici<\/a> <\/p>\n\n\n\n<p class=\"has-vivid-cyan-blue-color has-text-color has-medium-font-size\"><strong>Et la mini jupe ?<\/strong><\/p>\n\n\n\n<p class=\"has-drop-cap\">Et, quand bien m\u00eame une femme se tr\u00e9mousserait en mini jupe, o\u00f9 se situe le lien de cause \u00e0 effet avec un viol qu\u2019elle subirait ensuite ? Dire que ce lien existe, c\u2019est entretenir la culture du viol. Se tr\u00e9mousser en mini jupe, ce n\u2019est pas interdit par la loi, le viol en revanche est un crime. Mettre en cause l\u2019attitude ou l\u2019habillement des femmes les enferme dans des restrictions de libert\u00e9 inacceptables : ne pas s\u2019habiller trop court, ne pas boire d\u2019alcool, ne pas se promener seule, ne pas rentrer tard, ne pas danser en boite. O\u00f9 se situe alors la limite ? S\u2019habiller court ou avoir une attitude \u201cs\u00e9ductrice\u201d ne constitue pas un d\u00fb pour un acte sexuel non consenti. Un homme sain, face \u00e0 une fille qui danse en mini jupe, ne la violera pas. Peut-\u00eatre qu\u2019il sera sexuellement excit\u00e9, mais il ne la violera pas. Un homme sain face \u00e0 une fille compl\u00e8tement saoule ne profitera pas de la situation. Il la mettra en s\u00e9curit\u00e9.<\/p>\n\n\n\n<p class=\"has-drop-cap\">J\u2019ai souvent entendu : \u201cTout le monde sait qu\u2019il y a des violeurs et les filles en mini jupe le savent tr\u00e8s bien aussi, alors pourquoi provoquent-elles les mecs ??\u201d. Eh bien d\u00e9j\u00e0 peut-\u00eatre parce qu\u2019elles en ont le droit. Mais surtout, cette question de l\u2019habillement et du comportement est un faux probl\u00e8me. Car dans 80 \u00e0 90 % des cas, le violeur n\u2019est pas un inconnu dans la rue, il est connu de la victime : il s\u2019agit d\u2019un ami, d\u2019un coll\u00e8gue, d\u2019un conjoint\u2026[21] [22] Dans l\u2019immense majorit\u00e9 des cas de viols, la victime n\u2019\u00e9tait pas habill\u00e9e court et n\u2019\u00e9tait m\u00eame pas en train de danser ! Les violeurs existent. Compte tenu des statistiques [23] [24] on peut m\u00eame dire qu\u2019ils sont nombreux. Et ils sont l\u00e9gitim\u00e9s par la culture du viol dans laquelle nous vivons tous. Mais, continuer \u00e0 tenir les victimes pour responsables (m\u00eame en partie seulement) du viol qu\u2019elles ont subi renforce cette culture du viol.<\/p>\n\n\n\n<p class=\"has-drop-cap\">Deux choix s\u2019offrent \u00e0 nous :<\/p>\n\n\n\n<p><img loading=\"lazy\" decoding=\"async\" alt=\"\u27a1\" src=\"https:\/\/static.xx.fbcdn.net\/images\/emoji.php\/v9\/t9e\/1\/16\/27a1.png\" width=\"16\" height=\"16\"> continuer \u00e0 tenir les victimes pour responsables, leur demander de s\u2019adapter et de faire attention car \u201cles violeurs sont l\u00e0 et qu\u2019ils ne faut pas les exciter\u201d ; et de facto entretenir la culture du viol.<\/p>\n\n\n\n<p><img loading=\"lazy\" decoding=\"async\" alt=\"\u27a1\" src=\"https:\/\/static.xx.fbcdn.net\/images\/emoji.php\/v9\/t9e\/1\/16\/27a1.png\" width=\"16\" height=\"16\"> d\u00e9cider une fois pour toute que jamais une victime ne pourra \u00eatre tenue pour responsable, m\u00eame en partie ; et casser d\u00e9finitivement la culture du viol, et par l\u00e0 m\u00eame le cycle infernal des violences dans lequel sont enferm\u00e9s aussi les agresseurs.<\/p>\n\n\n\n<p><strong>L\u2019inversion de culpabilit\u00e9<\/strong> propos\u00e9e par l\u2019option 1 est un m\u00e9canisme tr\u00e8s puissant et tr\u00e8s dangereux. Il participe \u00e0 verrouiller le secret. Pourquoi irais-je d\u00e9noncer des violences si c\u2019est en partie de ma faute ? L\u2019option 1 sabote donc toute tentative de changement et d\u00e9politise totalement le sujet des violences sexuelles<\/p>\n\n\n\n<p>Tant qu\u2019on pensera que les comportements violents sont en partie provoqu\u00e9s par les victimes, les comportements violents en tant que tels ne seront pas interrog\u00e9s. Les violences continueront.<\/p>\n\n\n\n<p><img loading=\"lazy\" decoding=\"async\" alt=\"\u26a0\" src=\"https:\/\/static.xx.fbcdn.net\/images\/emoji.php\/v9\/tdc\/1\/16\/26a0.png\" width=\"16\" height=\"16\"> Le viol ne concerne pas la s\u00e9duction, l\u2019amour, la tendresse, la frustration sexuelle, le d\u00e9sir, la sexualit\u00e9. Il ne peut \u00eatre confondu avec une tentative de s\u00e9duction qui d\u00e9rape, un quiproquo, une incompr\u00e9hension. Violer une personne, c\u2019est se mettre du c\u00f4t\u00e9 de la destruction et de la violence : l\u2019autre devient un objet. Il ne s\u2019agit plus de sexualit\u00e9, ou d\u2019amour. Le viol est reconnu comme \u00e9tant une arme de guerre. Et les s\u00e9quelles post traumatiques du viol sont comparables \u00e0 celles rep\u00e9r\u00e9es chez les victimes de torture. [20]<\/p>\n\n\n\n<p class=\"has-vivid-purple-color has-text-color has-large-font-size\"><strong>&#8220;Victime&#8221;, un gros mot ?<\/strong><\/p>\n\n\n\n<p><img loading=\"lazy\" decoding=\"async\" alt=\"\ud83d\udc42\" src=\"https:\/\/static.xx.fbcdn.net\/images\/emoji.php\/v9\/tca\/1\/16\/1f442.png\" width=\"16\" height=\"16\">J\u2019entends aussi parfois : \u201coui mais il faut arr\u00eater de se victimiser \/ victimiser les personnes qui subissent des violences, \u00e7a ne les aide pas \u00e0 s\u2019en sortir\u201d<\/p>\n\n\n\n<p>Souvent, ces paroles partent d\u2019un bon sentiment : l\u2019empowerment, le d\u00e9veloppement personnel, accompagner la personne sur une voie o\u00f9 elle sera plus libre et actrice de sa vie. J\u2019aime ce programme personnellement ! Mais attention aux glissements ! Attention aux mots employ\u00e9s ! Etre acteur\/actrice de sa r\u00e9silience, ce n\u2019est pas la m\u00eame chose que d\u2019\u00eatre responsable des violences qu\u2019on a subies. Dire \u00e0 une victime de violence qu\u2019\u201delle est en partie responsable de ce qu\u2019elle a subi\u201d est une parole au pouvoir destructeur et d\u00e9structurant. <\/p>\n\n\n\n<p>Les victimes de violences se sentent coupables et responsables de leur malheur, c\u2019est le BA-ba en victimologie. En g\u00e9n\u00e9ral, les victimes vont passer des ann\u00e9es \u00e0 se d\u00e9battre avec cette culpabilit\u00e9 et se faire rabacher les oreilles des fameux mythes ass\u00e9n\u00e9s par leur entourage et m\u00eame par certains professionnels. Toutes ces personnes veulent bien faire \u00e9videmment, mais leur manque de connaissances en victimologie et en traumatologie rendent certains de leurs propos parfaitement d\u00e9l\u00e9t\u00e8res.<\/p>\n\n\n\n<p><img loading=\"lazy\" decoding=\"async\" alt=\"\ud83e\uddd0\" src=\"https:\/\/static.xx.fbcdn.net\/images\/emoji.php\/v9\/tdd\/1\/16\/1f9d0.png\" width=\"16\" height=\"16\">D\u2019ailleurs, <strong>que veut dire \u201cse victimiser\u201d <\/strong>? Se victimiser signifie pour une personne l\u2019action de reconna\u00eetre qu\u2019elle a \u00e9t\u00e9 victime et qu\u2019elle n\u2019est pas responsable. C\u2019est aussi un terme qui a son sens dans le contexte juridique. Lorsqu\u2019un crime a lieu, il y a une victime et un agresseur. Victime, ce n&#8217;est pas un gros mot [18] (m\u00eame si je comprends que certaines personnes pr\u00e9f\u00e8rent le terme de \u201csurvivant\u00b7e\u201d).<\/p>\n\n\n\n<p class=\"has-vivid-cyan-blue-color has-text-color has-medium-font-size\"><strong>\u00catre reconnue comme victime permet de sortir de l&#8217;impuissance<\/strong><\/p>\n\n\n\n<p>Utiliser l\u2019expression \u201cse victimiser\u201d ne condamne les victimes \u00e0 l\u2019inaction. Au contraire. Dans le cadre des violences (conjugales, sexuelles), <strong>l\u2019inversion de responsabilit\u00e9 participe \u00e0 la paralysie des victimes<\/strong>. \u00catre reconnue comme victime, se reconna\u00eetre soi-m\u00eame comme une victime, permet de sortir de l\u2019impuissance en redonnant la responsabilit\u00e9 de la violence \u00e0 celui qui l\u2019a exerc\u00e9e et en reconnaissant la perte de pouvoir que cette violence a provoqu\u00e9e [13]. Reconna\u00eetre une personne comme une victime permet de lui expliquer les m\u00e9canismes de la m\u00e9moire traumatique, lui dire que ce qu\u2019elle ressent est normal, que ce n\u2019est pas de sa faute. Reconna\u00eetre une personne comme une victime permet de la rassurer en lui expliquant que les psychotraumatismes se traitent et qu\u2019elle pourra aller mieux : voil\u00e0 qui est plus aidant (et plus autonomisant) que de l\u2019enjoindre \u00e0 se pardonner pour le viol qu\u2019elle a subi, ou de lui dire que \u201cson \u00e2me a choisi de vivre tout ce qu\u2019elle vit avant de s\u2019incarner\u201d (!).<\/p>\n\n\n\n<p class=\"has-vivid-purple-color has-text-color has-large-font-size\"><img loading=\"lazy\" decoding=\"async\" alt=\"\u2753\" src=\"https:\/\/static.xx.fbcdn.net\/images\/emoji.php\/v9\/t4c\/1\/16\/2753.png\" width=\"16\" height=\"16\"><strong>Pourquoi faut-il arr\u00eater de dire aux victimes de violences qu\u2019elles sont responsables de ce qu\u2019elles vivent ?<\/strong><\/p>\n\n\n\n<p><img loading=\"lazy\" decoding=\"async\" alt=\"\u27a1\" src=\"https:\/\/static.xx.fbcdn.net\/images\/emoji.php\/v9\/t9e\/1\/16\/27a1.png\" width=\"16\" height=\"16\"> parce qu\u2019elles se r\u00e9tablissent moins bien. Les victimes de violences sexuelles qui subissent un grand nombre de commentaires n\u00e9gatifs (culpabilisation, minimisation) pr\u00e9sentent davantage de sympt\u00f4mes de SSPT (Syndrome de Stress Post Traumatique). Les professionnels s\u2019accordent \u00e0 dire que les comportements des proches et leur pr\u00e9sence ou absence de soutien est d\u00e9terminant dans le pronostic suite \u00e0 des violences) [17] [19]. <\/p>\n\n\n\n<p><img loading=\"lazy\" decoding=\"async\" width=\"16\" height=\"16\" src=\"https:\/\/static.xx.fbcdn.net\/images\/emoji.php\/v9\/t9e\/1\/16\/27a1.png\" alt=\"\u27a1\"> par ailleurs, le fait de culpabiliser les victimes semble \u00e9galement favoriser la revictimisation (c\u2019est-\u00e0-dire \u00eatre de nouveau agress\u00e9), sans doute parce que les probl\u00e8mes de sant\u00e9 mentale rendent les victimes plus vuln\u00e9rables aux violences.<\/p>\n\n\n\n<p><img loading=\"lazy\" decoding=\"async\" width=\"16\" height=\"16\" src=\"https:\/\/static.xx.fbcdn.net\/images\/emoji.php\/v9\/t9e\/1\/16\/27a1.png\" alt=\"\u27a1\"> l\u2019adh\u00e9sion aux mythes sur le viol peut aussi g\u00e9n\u00e9rer chez certains acteurs du processus judiciaire un manque d\u2019empathie \u00e0 l\u2019\u00e9gard des victimes qui peut aller jusqu\u2019\u00e0 la violence verbale ou psychologique avec des questions culpabilisantes ou intrusives et des jugements d\u00e9gradants. Il suffit de regarder le hashtag <a href=\"https:\/\/www.facebook.com\/hashtag\/doublepeine?__eep__=6&amp;__cft__[0]=AZWed1CmXwpk0v368U6IZUHWBqxEvNlCghjvd5eZze1VKwXiBnUZwR8HTUipOZjgR5kyMEaxq811cndODeStz_PQm160ZxMZ1_WKIHRb1i2xdOWOHoRDYwpSHYrO_1k1bHw&amp;__tn__=*NK-R\">#doublepeine<\/a> lanc\u00e9 en octobre 2021 qui relate la mauvaise prise en charge des victimes de violences sexuelles qui d\u00e9crivent le processus judiciaire comme une seconde peine [16].<\/p>\n\n\n\n<p><img loading=\"lazy\" decoding=\"async\" width=\"16\" height=\"16\" src=\"https:\/\/static.xx.fbcdn.net\/images\/emoji.php\/v9\/t9e\/1\/16\/27a1.png\" alt=\"\u27a1\"> parce que cette croyance assure l\u2019impunit\u00e9 des agresseurs et violeurs en inversant la responsabilit\u00e9.<img loading=\"lazy\" decoding=\"async\" width=\"16\" height=\"16\" src=\"https:\/\/static.xx.fbcdn.net\/images\/emoji.php\/v9\/t33\/1\/16\/2705.png\" alt=\"\u2705\"> Qu\u2019est ce qu\u2019on peut faire ?<\/p>\n\n\n\n<p><img loading=\"lazy\" decoding=\"async\" alt=\"\u27a1\" src=\"https:\/\/static.xx.fbcdn.net\/images\/emoji.php\/v9\/t9e\/1\/16\/27a1.png\" width=\"16\" height=\"16\"> s\u2019informer et se former sur les m\u00e9canismes des violences;prendre conscience des mythes et st\u00e9r\u00e9otypes qui perdurent concernant les violences <\/p>\n\n\n\n<p><img loading=\"lazy\" decoding=\"async\" width=\"16\" height=\"16\" src=\"https:\/\/static.xx.fbcdn.net\/images\/emoji.php\/v9\/t9e\/1\/16\/27a1.png\" alt=\"\u27a1\"> avoir un accueil et une \u00e9coute des victimes empathiques et d\u00e9culpabilisants, surveiller sa posture et son jugement ;si quelqu\u2019un nous confie des violences subies, on peut lui dire \u201cje te crois, ce n\u2019est pas de ta faute, tu n\u2019y es pour rien, la loi est de ton c\u00f4t\u00e9, je peux t\u2019aider\u201d.<\/p>\n\n\n\n<p><img loading=\"lazy\" decoding=\"async\" width=\"16\" height=\"16\" src=\"https:\/\/static.xx.fbcdn.net\/images\/emoji.php\/v9\/t9e\/1\/16\/27a1.png\" alt=\"\u27a1\"> rester vigilant quant \u00e0 ses bonnes intentions, et prendre un peu de recul face aux injonctions n\u00e9olib\u00e9rales m\u00e9ritocratiques du style \u201cquand on veut on peut\u201d ;<\/p>\n\n\n\n<p><img loading=\"lazy\" decoding=\"async\" width=\"16\" height=\"16\" src=\"https:\/\/static.xx.fbcdn.net\/images\/emoji.php\/v9\/t9e\/1\/16\/27a1.png\" alt=\"\u27a1\"> garder un esprit critique face aux suggestions s\u00e9duisantes largement partag\u00e9es dans la sph\u00e8re du d\u00e9veloppement personnel de possibilit\u00e9s individuelles infinies. Sans vouloir tomber dans le d\u00e9terminisme et la fatalit\u00e9, ces discours peuvent aussi d\u00e9politiser le sujet des violences en le ramenant \u00e0 \u201ctous responsables et chacun pour soi \u00e0 chercher des solutions dans son int\u00e9rieur\u201d.<img loading=\"lazy\" decoding=\"async\" width=\"16\" height=\"16\" src=\"https:\/\/static.xx.fbcdn.net\/images\/emoji.php\/v9\/t19\/1\/16\/1f49f.png\" alt=\"\ud83d\udc9f\"> <\/p>\n\n\n\n<p class=\"has-pale-pink-color has-text-color has-large-font-size\">SOURCES<\/p>\n\n\n\n<p class=\"has-pale-pink-color has-text-color\"><img loading=\"lazy\" decoding=\"async\" width=\"16\" height=\"16\" alt=\"\u25aa\" src=\"https:\/\/static.xx.fbcdn.net\/images\/emoji.php\/v9\/t4c\/1\/16\/25aa.png\"><strong>Les sources cit\u00e9es dans le texte<\/strong><\/p>\n\n\n\n<p>[1] <a rel=\"noreferrer noopener\" href=\"https:\/\/l.facebook.com\/l.php?u=https%3A%2F%2Fwww.memoiretraumatique.org%2Fpsychotraumatismes%2Fdissociation-traumatique.html%3Ffbclid%3DIwAR3TVAesNhNbGt-iSFw-1yKEtcWyNMF5NWTGI0BbXPUK2_6eQ_HKCkiZ3_8&amp;h=AT0r2uPZ_tZyIhvqEfJuMEu1T1KNlx4143dXLFj37CGMn3A7DRuCvd35hynVyDakagO-RSO04jVpRw9nCknb0pEBH8IT65ElFUGvoJLR6e8ExsoBaROOLy49r5X4VLaVgD7YjXo&amp;__tn__=-UK-R&amp;c[0]=AT0zD4c7lIkZUvFYFa0gd4gSvvGy_gCUKcnuxQqR4IqCwmW14qTxyL3gn-sZHeRWNeiDtjHWPjF7KdyGplSHfgs7JvjkrXF0R9hPlLAm23IyXJlsV_CTozNZogW_xOCicSy6q5UcxxfWpStuPhdx0LT0wQ\" target=\"_blank\">https:\/\/www.memoiretraumatique.org\/&#8230;\/dissociation&#8230;<\/a><\/p>\n\n\n\n<p>[2] <a rel=\"noreferrer noopener\" href=\"https:\/\/l.facebook.com\/l.php?u=https%3A%2F%2Fstopauxviolences.blogspot.com%2F2012%2F03%2Fdernier-article-de-muriel-salmona-avec.html%3Ffbclid%3DIwAR3eSMvTCbJBcHtil2vQS_Qwe3WiluDvxDWUouQq1DNhCdk4tjnq8_ao90U&amp;h=AT3IDpk5rYY9rCzC6L_RYhPGS3R4WcuX8MZubM1ccH3ptVfiEyZm2UzNmE80UmnOEqpZMCg6iV_LfgVVeTGFkHjTMpSWlNYRyaOouyqz3v6H0DYJPR83NpLH4Xu1X06Y5LxgER0&amp;__tn__=-UK-R&amp;c[0]=AT0zD4c7lIkZUvFYFa0gd4gSvvGy_gCUKcnuxQqR4IqCwmW14qTxyL3gn-sZHeRWNeiDtjHWPjF7KdyGplSHfgs7JvjkrXF0R9hPlLAm23IyXJlsV_CTozNZogW_xOCicSy6q5UcxxfWpStuPhdx0LT0wQ\" target=\"_blank\">http:\/\/stopauxviolences.blogspot.com\/&#8230;\/dernier-article&#8230;<\/a><\/p>\n\n\n\n<p>[3] Salmona, Muriel. Le livre noir des violences sexuelles &#8211; 2e \u00e9d. (Hors Collection) (French Edition) (p. 99). Dunod.<\/p>\n\n\n\n<p>[4] Salmona, Muriel. Le livre noir des violences sexuelles &#8211; 2e \u00e9d. (Hors Collection) (French Edition) (p. 105). Dunod.<\/p>\n\n\n\n<p>[5] <a rel=\"noreferrer noopener\" href=\"https:\/\/l.facebook.com\/l.php?u=https%3A%2F%2Fwww.fondation-enfance.org%2Fwp-content%2Fuploads%2F2016%2F10%2Fmemoire-traumatique-victimologie_impact_violences_sexuelles.pdf%3Ffbclid%3DIwAR07xCDi61oEOEn2JllsjI8s6hpnA150JWhBvHqqgZQsGnDx8uPujKE7Z28&amp;h=AT3NMB1g9zDM2sawKqwd5pPoGVlQVwILXE1vFPc3lGC8L0ElUJ8OUmjplC_dBoIbd0L01VjLJ5wUyPw2H2cijn1PU3-kmDkQnE3QOybym0eFfcH7I6kHNgQcwTX5mmX2x9hK5Bo&amp;__tn__=-UK-R&amp;c[0]=AT0zD4c7lIkZUvFYFa0gd4gSvvGy_gCUKcnuxQqR4IqCwmW14qTxyL3gn-sZHeRWNeiDtjHWPjF7KdyGplSHfgs7JvjkrXF0R9hPlLAm23IyXJlsV_CTozNZogW_xOCicSy6q5UcxxfWpStuPhdx0LT0wQ\" target=\"_blank\">https:\/\/www.fondation-enfance.org\/&#8230;\/memoire-traumatique&#8230;<\/a><\/p>\n\n\n\n<p>[6] <a rel=\"noreferrer noopener\" href=\"https:\/\/www.ipsos.com\/fr-fr\/les-francais-et-les-representations-sur-le-viol-et-les-violences-sexuelles?fbclid=IwAR2texabkDqzOE7m7kHFRmSoGEMlsAwF0FdMVY7-V4oPlXmP7MM9npoodC4\" target=\"_blank\">https:\/\/www.ipsos.com\/&#8230;\/les-francais-et-les&#8230;<\/a><\/p>\n\n\n\n<p>[7] <a rel=\"noreferrer noopener\" href=\"https:\/\/l.facebook.com\/l.php?u=https%3A%2F%2Fantisexisme.net%2F2011%2F12%2F04%2Fmythes-sur-les-viols-partie-1-quels-sont-ces-mythes-qui-y-adhere%2F%3Ffbclid%3DIwAR1_yLcA11IxhKVUpQPuugiczelIQGLiw7NCvdB4mYlsBlXqshYY9DrcsXg&amp;h=AT3-902h3frf0kKjncz1H4TyfjAhQBgtZHhZ3MQ7rKpKImpORuJAGoMWIsGaeOYHJ-yYQIzJg8TH6amU4PoJQhK19p_2GGKGUdA8bjLf3SlUNRvaWsaz5U1fUExDKLKNyhpppxI&amp;__tn__=-UK-R&amp;c[0]=AT0zD4c7lIkZUvFYFa0gd4gSvvGy_gCUKcnuxQqR4IqCwmW14qTxyL3gn-sZHeRWNeiDtjHWPjF7KdyGplSHfgs7JvjkrXF0R9hPlLAm23IyXJlsV_CTozNZogW_xOCicSy6q5UcxxfWpStuPhdx0LT0wQ\" target=\"_blank\">https:\/\/antisexisme.net\/&#8230;\/mythes-sur-les-viols-partie&#8230;\/<\/a><\/p>\n\n\n\n<p>[8] (en) Kimberly A. Lonsway (Ph.D.) et Louise F. Fitzgerald. Rape Myths. In Review. Psychology of Women Quarterly, vol. 18, Urbana\u2013Champaign, University of Illinois, Department of Psychology, juin 1994 (r\u00e9impr. num\u00e9risation et publication en ligne le 28 juillet 2006), 2e \u00e9d., First draft received: February 2, 1993. Final draft received: December 9, 1993 (DOI j.1471-6402.1994.tb00448.x), chap. 2, p. 133\u2013164<\/p>\n\n\n\n<p>[9] <a rel=\"noreferrer noopener\" href=\"https:\/\/l.facebook.com\/l.php?u=https%3A%2F%2Fantisexisme.net%2F2012%2F03%2F08%2Fles-mythes-sur-le-viol-dans-les-media%2F%3Ffbclid%3DIwAR02pS4S68r_9adbAHToej8vsVRdmOmDVgEhVQBDw5gdkAm7Tj0_NmOYmB4&amp;h=AT2ApP2v6dkPJUrvfWUR5zurqbyQPajVi2D9zyOE4T4IB-H1sW5F0OslDr9iO915Kvye5B9xkrYle3F7m8h5Ubb_3rmcW2jGKipoexUzH0G6d9H1c7cR7hVQNNhmSi_SauchFI4&amp;__tn__=-UK-R&amp;c[0]=AT0zD4c7lIkZUvFYFa0gd4gSvvGy_gCUKcnuxQqR4IqCwmW14qTxyL3gn-sZHeRWNeiDtjHWPjF7KdyGplSHfgs7JvjkrXF0R9hPlLAm23IyXJlsV_CTozNZogW_xOCicSy6q5UcxxfWpStuPhdx0LT0wQ\" target=\"_blank\">https:\/\/antisexisme.net\/&#8230;\/les-mythes-sur-le-viol-dans&#8230;\/<\/a><\/p>\n\n\n\n<p>[10] <a rel=\"noreferrer noopener\" href=\"https:\/\/l.facebook.com\/l.php?u=https%3A%2F%2Fwww.senat.fr%2Frap%2Fr19-014%2Fr19-014-syn.pdf%3Ffbclid%3DIwAR1cWp9woLdpLWuu3oD5VEecHFwWTks_DxHHZVRyxbr4-XAHuiICuawHw2c&amp;h=AT0DTFPy0pPb5X1vCzVqp54xLxj9rCjrki3I5BYNqMZoYb_ck8MVSBBYIadJlZQ4DFPlP-NENW32tWDjNBBHzROrGdvC_TZLuw8S6UJtAUhT3oKMaNuL0aIWNzx6Yf70gCBLSx0&amp;__tn__=-UK-R&amp;c[0]=AT0zD4c7lIkZUvFYFa0gd4gSvvGy_gCUKcnuxQqR4IqCwmW14qTxyL3gn-sZHeRWNeiDtjHWPjF7KdyGplSHfgs7JvjkrXF0R9hPlLAm23IyXJlsV_CTozNZogW_xOCicSy6q5UcxxfWpStuPhdx0LT0wQ\" target=\"_blank\">https:\/\/www.senat.fr\/rap\/r19-014\/r19-014-syn.pdf<\/a><\/p>\n\n\n\n<p>[11] <a rel=\"noreferrer noopener\" href=\"https:\/\/l.facebook.com\/l.php?u=https%3A%2F%2Farretonslesviolences.gouv.fr%2Fsites%2Fdefault%2Ffiles%2F2021-12%2FLettre%2520n%25C2%25B017%2520-%2520Les%2520violences%2520au%2520sein%2520du%2520couple%2520et%2520les%2520violences%2520sexuelles%2520en%25202020.pdf%3Ffbclid%3DIwAR1DEft8vAMwACA0dVxuUAHwwILDPKbL3Cz0j1kUOamt10GeUPAsJbPJ8cI&amp;h=AT3Jp2R4B5w00kEXM3SOz9UZ06ZSEcMv1u_0-WrlJlF4Pq5OTuUn2zEaBt1MCYDWtXBnzLxWaCkNRbW15sxM5-fJV-uAvWziTKxQtzJvx8yYm8bBO4PuKKGGk7NZlVuuy5aUC0w&amp;__tn__=-UK-R&amp;c[0]=AT0zD4c7lIkZUvFYFa0gd4gSvvGy_gCUKcnuxQqR4IqCwmW14qTxyL3gn-sZHeRWNeiDtjHWPjF7KdyGplSHfgs7JvjkrXF0R9hPlLAm23IyXJlsV_CTozNZogW_xOCicSy6q5UcxxfWpStuPhdx0LT0wQ\" target=\"_blank\">https:\/\/arretonslesviolences.gouv.fr\/&#8230;\/Lettre%20n%C2&#8230;<\/a><\/p>\n\n\n\n<p>[12] <a rel=\"noreferrer noopener\" href=\"https:\/\/l.facebook.com\/l.php?u=https%3A%2F%2Fwww.huffingtonpost.fr%2Fentry%2Fderriere-chaque-feminicide-une-meme-mecanique-implacable_fr_5ecfa85dc5b657fd3ccaa799%3Ffbclid%3DIwAR3_OJ3UOmaEqrpOvQAcTJP7TNDaRbT_z4ZMglS1gxlDvvWKblQY6Cb7F6M&amp;h=AT0YEkO9OEsIH6BefYj_IPmSHNxUmcqp1I2A5dq5bm3tEIwnwpy1Sf_MaeE-kKVfylZTTlAYqBPq5plJuxuca8xuLBdBrEZxpMO6t2rR3jJg73NYUNTM2lSJnH5QVuAY6YSpIUE&amp;__tn__=-UK-R&amp;c[0]=AT0zD4c7lIkZUvFYFa0gd4gSvvGy_gCUKcnuxQqR4IqCwmW14qTxyL3gn-sZHeRWNeiDtjHWPjF7KdyGplSHfgs7JvjkrXF0R9hPlLAm23IyXJlsV_CTozNZogW_xOCicSy6q5UcxxfWpStuPhdx0LT0wQ\" target=\"_blank\">https:\/\/www.huffingtonpost.fr\/&#8230;\/derriere-chaque&#8230;<\/a><\/p>\n\n\n\n<p>[13] <a rel=\"noreferrer noopener\" href=\"https:\/\/l.facebook.com\/l.php?u=https%3A%2F%2Fwww.erudit.org%2Ffr%2Frevues%2Fref%2F2011-v17-n1-ref1812734%2F1005238ar%2F%3Ffbclid%3DIwAR0QZGCfMcbVFgKzNee3r7xNAfaHf1B_UnREtvB8Eg_sdWRmIZhUT3FEjKg&amp;h=AT3oRJYzHrJEShDb-5U8BmnekNgzLUHqz2Fdzcj1K1xHGnMg4BmnYT52dByuzADynaz3Rybkk94HrxEy1dk13GMzMmv5fWUEyFXipepHScBu0IkUdWXjGTsvQkhd2gRceF8uTNo&amp;__tn__=-UK-R&amp;c[0]=AT0zD4c7lIkZUvFYFa0gd4gSvvGy_gCUKcnuxQqR4IqCwmW14qTxyL3gn-sZHeRWNeiDtjHWPjF7KdyGplSHfgs7JvjkrXF0R9hPlLAm23IyXJlsV_CTozNZogW_xOCicSy6q5UcxxfWpStuPhdx0LT0wQ\" target=\"_blank\">https:\/\/www.erudit.org\/&#8230;\/2011-v17-n1-ref1812734\/1005238ar\/<\/a><\/p>\n\n\n\n<p>[14] <a rel=\"noreferrer noopener\" href=\"https:\/\/l.facebook.com\/l.php?u=https%3A%2F%2Fwww.violencessexuelles.be%2Fmythes-au-sujet-des-agressions-sexuelles%3Ffbclid%3DIwAR1DEft8vAMwACA0dVxuUAHwwILDPKbL3Cz0j1kUOamt10GeUPAsJbPJ8cI&amp;h=AT09YSezwqtsV4id77DUGxIpyAyYtRc4OQ80fnrv0JR6FHS_Bj5EZzz0Bg33XRKQ0NXUaO0pxjjvH3672SxfzKMc486K0M26RZnSDzsjMbUjAqVdp6ZSiqFbtzU0bjj7KHAmFWQ&amp;__tn__=-UK-R&amp;c[0]=AT0zD4c7lIkZUvFYFa0gd4gSvvGy_gCUKcnuxQqR4IqCwmW14qTxyL3gn-sZHeRWNeiDtjHWPjF7KdyGplSHfgs7JvjkrXF0R9hPlLAm23IyXJlsV_CTozNZogW_xOCicSy6q5UcxxfWpStuPhdx0LT0wQ\" target=\"_blank\">https:\/\/www.violencessexuelles.be\/mythes-au-sujet-des&#8230;<\/a><\/p>\n\n\n\n<p>[15] En finir avec le culture du viol &#8211; No\u00e9mie Renard<\/p>\n\n\n\n<p>[16] <a rel=\"noreferrer noopener\" href=\"https:\/\/www.franceinter.fr\/societe\/sur-le-site-doublepeine-deja-plus-de-200-recits-de-mauvais-accueil-de-victimes-de-violences-sexuelles?fbclid=IwAR3W5Y5TTUxIMa9G7VwniyAMCYa2BrLZd0jLJRkC5Asc6q-rdcOkwx-0yDk\" target=\"_blank\">https:\/\/www.franceinter.fr\/&#8230;\/sur-le-site-doublepeine&#8230;<\/a><\/p>\n\n\n\n<p>[17] <a rel=\"noreferrer noopener\" href=\"https:\/\/www.inspq.qc.ca\/agression-sexuelle\/comprendre\/consequences?fbclid=IwAR3oJwQ04Nrr3pKa8YRGCVpdRm_ovxuZHGlg0ALMG2YcRYW3TiJM13Kc1TQ\" target=\"_blank\">https:\/\/www.inspq.qc.ca\/agression&#8230;\/comprendre\/consequences<\/a><\/p>\n\n\n\n<p>[18] <a rel=\"noreferrer noopener\" href=\"https:\/\/www.cvfe.be\/publications\/analyses\/54-a-propos-de-l-usage-du-mot-victime?fbclid=IwAR28AE10FTVCYsKtkcChlsUT-UQZtWkByCBFTnBTg8eG532zxXH8iYtN3eo\" target=\"_blank\">https:\/\/www.cvfe.be\/&#8230;\/54-a-propos-de-l-usage-du-mot&#8230;<\/a><\/p>\n\n\n\n<p>[19] <a rel=\"noreferrer noopener\" href=\"https:\/\/www.youtube.com\/watch?v=FHE1_HhTvjE&amp;fbclid=IwAR3Y3--mfMoiXo6XeHdieti6ugUcxlSOF-xk3PGbo7PBT5ysdNw-1F5Qccg\" target=\"_blank\">https:\/\/www.youtube.com\/watch?v=FHE1_HhTvjE<\/a><\/p>\n\n\n\n<p>[20] 40 questions r\u00e9ponses sur les violences sexuelles &#8211; Muriel Salmona<\/p>\n\n\n\n<p>[21] <a rel=\"noreferrer noopener\" href=\"https:\/\/www.assemblee-nationale.fr\/dyn\/15\/rapports\/ega\/l15b0721_rapport-information?fbclid=IwAR03DmPjuP_z0WejTXMUM75REFMt3kcXQpsqqXZ_U8hSrZE0nFuz42JkamY#P122_5245\" target=\"_blank\">https:\/\/www.assemblee-nationale.fr\/&#8230;\/l15b0721_rapport&#8230;<\/a><\/p>\n\n\n\n<p>[22] <a rel=\"noreferrer noopener\" href=\"https:\/\/www.lemonde.fr\/les-decodeurs\/article\/2018\/10\/27\/viols-plus-de-neuf-victimes-sur-dix-connaissaient-leur-agresseur_5375570_4355770.html?fbclid=IwAR1RAfLCBW-j508mseBSgxKzH5Zk1bLGn46J7_CMtTtVcDRrVm4EAiUYRTM\" target=\"_blank\">https:\/\/www.lemonde.fr\/&#8230;\/viols-plus-de-neuf-victimes&#8230;<\/a><\/p>\n\n\n\n<p>[23] <a rel=\"noreferrer noopener\" href=\"https:\/\/www.noustoutes.org\/ressources\/Dossier_complet_JaiPasDitOui.01.pdf?fbclid=IwAR0Ok7aaylrVRTTNwBMULHE7aKyuI60Yf71fzgsAtWCn7x_ORWxye5VIFDU\" target=\"_blank\">https:\/\/www.noustoutes.org\/&#8230;\/Dossier_complet&#8230;<\/a><\/p>\n\n\n\n<p>[24] <a rel=\"noreferrer noopener\" href=\"https:\/\/arretonslesviolences.gouv.fr\/je-suis-professionnel\/chiffres-de-reference-violences-faites-aux-femmes?fbclid=IwAR28AE10FTVCYsKtkcChlsUT-UQZtWkByCBFTnBTg8eG532zxXH8iYtN3eo\" target=\"_blank\">https:\/\/arretonslesviolences.gouv.fr\/&#8230;\/chiffres-de&#8230;<\/a><\/p>\n\n\n\n<p class=\"has-pale-pink-color has-text-color\"><img loading=\"lazy\" decoding=\"async\" width=\"16\" height=\"16\" alt=\"\u25aa\" src=\"https:\/\/static.xx.fbcdn.net\/images\/emoji.php\/v9\/t4c\/1\/16\/25aa.png\"><strong>Sources hors citation<\/strong><\/p>\n\n\n\n<p><img loading=\"lazy\" decoding=\"async\" width=\"16\" height=\"16\" alt=\"\ud83d\udcd4\" src=\"https:\/\/static.xx.fbcdn.net\/images\/emoji.php\/v9\/t9c\/1\/16\/1f4d4.png\"><strong>Ouvrages de r\u00e9f\u00e9rence<\/strong><\/p>\n\n\n\n<p>Le livre noir des violences sexuelles &#8211; Muriel Salmona<\/p>\n\n\n\n<p>40 questions r\u00e9ponses sur les violences sexuelles &#8211; Muriel Salmona<\/p>\n\n\n\n<p>En finir avec les violences sexistes et sexuelles &#8211; Caroline De Haas<\/p>\n\n\n\n<p>En finir avec la culture du viol &#8211; No\u00e9mie Renard<\/p>\n\n\n\n<p><img loading=\"lazy\" decoding=\"async\" width=\"16\" height=\"16\" alt=\"\ud83d\udda5\" src=\"https:\/\/static.xx.fbcdn.net\/images\/emoji.php\/v9\/t81\/1\/16\/1f5a5.png\"><strong> Sites et articles en ligne<\/strong><\/p>\n\n\n\n<p><a rel=\"noreferrer noopener\" href=\"https:\/\/l.facebook.com\/l.php?u=https%3A%2F%2Fwww.memoiretraumatique.org%2F%3Ffbclid%3DIwAR28AE10FTVCYsKtkcChlsUT-UQZtWkByCBFTnBTg8eG532zxXH8iYtN3eo&amp;h=AT2aDr8ly5EWVmTDcYZUNF2CWq5ukLOaPahW_GJQIVIaebfHI9oTfB1WM6lzRPgx-C6n0v4Rg8FA86u5DFkL2ceVM9WyRtBrv6VQJz1JNYmBAFqBvgK09z6RlppnU0_l7w8ZKME&amp;__tn__=-UK-R&amp;c[0]=AT0zD4c7lIkZUvFYFa0gd4gSvvGy_gCUKcnuxQqR4IqCwmW14qTxyL3gn-sZHeRWNeiDtjHWPjF7KdyGplSHfgs7JvjkrXF0R9hPlLAm23IyXJlsV_CTozNZogW_xOCicSy6q5UcxxfWpStuPhdx0LT0wQ\" target=\"_blank\">https:\/\/www.memoiretraumatique.org\/<\/a><a rel=\"noreferrer noopener\" href=\"https:\/\/l.facebook.com\/l.php?u=https%3A%2F%2Fcfcv.asso.fr%2F%3Ffbclid%3DIwAR3cT1JJaujxP_f15qs1Mt57e20Xsd5EodhXvmgUPs7PVNUCk2YgjhnnqF8&amp;h=AT1URc-zn4NeddCKtjFjgjSdZQjn-Gl2kpGRlxaW2XZM6UokKwknSbXf1BT0UJmJ0wZ_h9XwNBWEE5k9bcozqlli12jUs_2SfGBPeQgrCVo7LsWWqtTclAwseCgu4VKnDA5Mc00&amp;__tn__=-UK-R&amp;c[0]=AT0zD4c7lIkZUvFYFa0gd4gSvvGy_gCUKcnuxQqR4IqCwmW14qTxyL3gn-sZHeRWNeiDtjHWPjF7KdyGplSHfgs7JvjkrXF0R9hPlLAm23IyXJlsV_CTozNZogW_xOCicSy6q5UcxxfWpStuPhdx0LT0wQ\" target=\"_blank\">https:\/\/cfcv.asso.fr\/<\/a><\/p>\n\n\n\n<p><img loading=\"lazy\" decoding=\"async\" width=\"16\" height=\"16\" alt=\"\ud83c\udf9e\" src=\"https:\/\/static.xx.fbcdn.net\/images\/emoji.php\/v9\/t57\/1\/16\/1f39e.png\"><strong> Vid\u00e9os<\/strong><\/p>\n\n\n\n<p>le consentement \u00e0 la tasse de th\u00e9 :<a rel=\"noreferrer noopener\" href=\"https:\/\/www.youtube.com\/watch?v=S-50iVx_yxU&amp;fbclid=IwAR0rb1vrEBbMNx2Xe04_X7yNXq10GLiN94lf0a92lGB4VtqP0ZF5kuDxTRU\" target=\"_blank\">https:\/\/www.youtube.com\/watch?v=S-50iVx_yxU<\/a><\/p>\n\n\n\n<p>Sur le viol<\/p>\n\n\n\n<p><a rel=\"noreferrer noopener\" href=\"https:\/\/l.facebook.com\/l.php?u=https%3A%2F%2Fwww.arte.tv%2Ffr%2Fvideos%2F092764-000-A%2Fle-viol-un-crime-invisible%2F%3Ffbclid%3DIwAR23kzKtET1GW6tRhc5usW75dC-YH4ylSwwwnaR98n10NDe4qeLRKpGkGIA&amp;h=AT3UtF9F__SYQ5_y0MVPKRmAKFVRAztE2YQ-TEF1qfbfPZ0PG-jcbeIbQYFr-lsCap0KY8n1rrSew0KOWlcp-69H3t1ISQjMuKjqBaUogC1y8CtP4b7Oe041mb61eO-03QWx-Uw&amp;__tn__=-UK-R&amp;c[0]=AT0zD4c7lIkZUvFYFa0gd4gSvvGy_gCUKcnuxQqR4IqCwmW14qTxyL3gn-sZHeRWNeiDtjHWPjF7KdyGplSHfgs7JvjkrXF0R9hPlLAm23IyXJlsV_CTozNZogW_xOCicSy6q5UcxxfWpStuPhdx0LT0wQ\" target=\"_blank\">https:\/\/www.arte.tv\/&#8230;\/09276&#8230;\/le-viol-un-crime-invisible\/<\/a><a rel=\"noreferrer noopener\" href=\"https:\/\/l.facebook.com\/l.php?u=https%3A%2F%2Fwww.youtube.com%2Fwatch%3Fv%3DV6S0Z7hLORE%26fbclid%3DIwAR2R3hVYK9sQ3xXQ_4SBA-nn_rlO3un-U5bMdkpqvuZvTSEfW8Wt7uMXdoc&amp;h=AT1Five8BacDERPmP-lby0Mfr10dfy7LfteKs89GmiFJUGS0luKT44ZF594b13GJcDFyUtbfTpcYYDWZvO3eofCeccGOeyO7JiIBWrmjmD2bwOx6yigceVO4y6NNDt89O2UPzjU&amp;__tn__=-UK-R&amp;c[0]=AT0zD4c7lIkZUvFYFa0gd4gSvvGy_gCUKcnuxQqR4IqCwmW14qTxyL3gn-sZHeRWNeiDtjHWPjF7KdyGplSHfgs7JvjkrXF0R9hPlLAm23IyXJlsV_CTozNZogW_xOCicSy6q5UcxxfWpStuPhdx0LT0wQ\" target=\"_blank\">https:\/\/www.youtube.com\/watch?v=V6S0Z7hLORE<\/a><a rel=\"noreferrer noopener\" href=\"https:\/\/l.facebook.com\/l.php?u=https%3A%2F%2Fwww.youtube.com%2Fwatch%3Fv%3DFHE1_HhTvjE%26fbclid%3DIwAR1qoBZL6S77z7qhc06dGZHPyqO5_tjeUdhQfzplif-xC_TlWHC0F2nfkZw&amp;h=AT31C8d_931dIRl82Dn9h12KXl3hYpC3BnnR9yGxv-JmZzQZ9b92kgyyAapz68PDcvqi5SW9EFXW4W6L1zUMHTmttZUE3MVMgYuHZetHUp9dpJU3PwV_hqsrkAVtdZaG1o2eZrY&amp;__tn__=-UK-R&amp;c[0]=AT0zD4c7lIkZUvFYFa0gd4gSvvGy_gCUKcnuxQqR4IqCwmW14qTxyL3gn-sZHeRWNeiDtjHWPjF7KdyGplSHfgs7JvjkrXF0R9hPlLAm23IyXJlsV_CTozNZogW_xOCicSy6q5UcxxfWpStuPhdx0LT0wQ\" target=\"_blank\">https:\/\/www.youtube.com\/watch?v=FHE1_HhTvjE<\/a> (agressions sexuelles sur mineurs)<\/p>\n\n\n\n<p>Sur la culture du viol :<\/p>\n\n\n\n<p><a rel=\"noreferrer noopener\" href=\"https:\/\/l.facebook.com\/l.php?u=https%3A%2F%2Fwww.youtube.com%2Fwatch%3Fv%3DpPH2GEB7-X0%26fbclid%3DIwAR3oJwQ04Nrr3pKa8YRGCVpdRm_ovxuZHGlg0ALMG2YcRYW3TiJM13Kc1TQ&amp;h=AT2iAJAGYGBPK8cScd7x66EiXA9TRuVLCYlrpVK-pSsnnvUlEFwLNH3OHoPheKFNjM_dY-sBepk-0q0LTpdhLeyD23dIxobOdUOd_nICpqkzVtKWnTCHsiYh2aSDGf2zU0uCx6Q&amp;__tn__=-UK-R&amp;c[0]=AT0zD4c7lIkZUvFYFa0gd4gSvvGy_gCUKcnuxQqR4IqCwmW14qTxyL3gn-sZHeRWNeiDtjHWPjF7KdyGplSHfgs7JvjkrXF0R9hPlLAm23IyXJlsV_CTozNZogW_xOCicSy6q5UcxxfWpStuPhdx0LT0wQ\" target=\"_blank\">https:\/\/www.youtube.com\/watch?v=pPH2GEB7-X0<\/a><a rel=\"noreferrer noopener\" href=\"https:\/\/l.facebook.com\/l.php?u=https%3A%2F%2Fwww.youtube.com%2Fwatch%3Fv%3D1s4Cog81i2I%26fbclid%3DIwAR3eSMvTCbJBcHtil2vQS_Qwe3WiluDvxDWUouQq1DNhCdk4tjnq8_ao90U&amp;h=AT0vv3YIFyWfaOZjWPtCYD8kcO7wxgXKa5N3x2a11kpA36Y87MbdRb34nV3-Ef4MdUyRJhDvqX-yTEi_uVSrMmUNSe2aE-HRPDCKW3en1_ecVRI7IXz1TbEsv7pUXRUQgbTODJM&amp;__tn__=-UK-R&amp;c[0]=AT0zD4c7lIkZUvFYFa0gd4gSvvGy_gCUKcnuxQqR4IqCwmW14qTxyL3gn-sZHeRWNeiDtjHWPjF7KdyGplSHfgs7JvjkrXF0R9hPlLAm23IyXJlsV_CTozNZogW_xOCicSy6q5UcxxfWpStuPhdx0LT0wQ\" target=\"_blank\">https:\/\/www.youtube.com\/watch?v=1s4Cog81i2I<\/a><a rel=\"noreferrer noopener\" href=\"https:\/\/l.facebook.com\/l.php?u=https%3A%2F%2Fwww.youtube.com%2Fwatch%3Fv%3DzG5uFOozc90%26fbclid%3DIwAR3eSMvTCbJBcHtil2vQS_Qwe3WiluDvxDWUouQq1DNhCdk4tjnq8_ao90U&amp;h=AT2isUeBCYnFOYvz1mi04xySApo33vfJafwuVYQvrCvbN7sVqfKM9GVEPoL666tsqWBmzgjAnntPnFadHZrJ3AHRi8wx2hAp3jDaPiAbquhT4yPi3nsuxMnh6oY6AKUk1SmN0BQ&amp;__tn__=-UK-R&amp;c[0]=AT0zD4c7lIkZUvFYFa0gd4gSvvGy_gCUKcnuxQqR4IqCwmW14qTxyL3gn-sZHeRWNeiDtjHWPjF7KdyGplSHfgs7JvjkrXF0R9hPlLAm23IyXJlsV_CTozNZogW_xOCicSy6q5UcxxfWpStuPhdx0LT0wQ\" target=\"_blank\">https:\/\/www.youtube.com\/watch?v=zG5uFOozc90<\/a><a rel=\"noreferrer noopener\" href=\"https:\/\/l.facebook.com\/l.php?u=https%3A%2F%2Fwww.arte.tv%2Ffr%2Fvideos%2F088128-003-A%2Fkreatur-n-7%2F%3Ffbclid%3DIwAR1cWp9woLdpLWuu3oD5VEecHFwWTks_DxHHZVRyxbr4-XAHuiICuawHw2c&amp;h=AT0ab6MHh1bK7ohOxZstM7wOeua3IE9_RDglGnl-pkFK2YNdB0yhUsiyo3JnU-jI8AOhGPjPez2j3Fb1iCUPT0Vl2kcju5SgRUsWt7J7sH15fhkgXaSVmjMRj0N3MpFmIjhgTXc&amp;__tn__=-UK-R&amp;c[0]=AT0zD4c7lIkZUvFYFa0gd4gSvvGy_gCUKcnuxQqR4IqCwmW14qTxyL3gn-sZHeRWNeiDtjHWPjF7KdyGplSHfgs7JvjkrXF0R9hPlLAm23IyXJlsV_CTozNZogW_xOCicSy6q5UcxxfWpStuPhdx0LT0wQ\" target=\"_blank\">https:\/\/www.arte.tv\/fr\/videos\/088128-003-A\/kreatur-n-7\/<\/a><a rel=\"noreferrer noopener\" href=\"https:\/\/l.facebook.com\/l.php?u=https%3A%2F%2Fwww.youtube.com%2Fwatch%3Fv%3DBYwj9oP5ew0%26fbclid%3DIwAR2zILZHsC_2tQ62iFBDa614u9C3JeKgHemrYJ8XybcANa5717vnH5wMgMs&amp;h=AT1GS89Oe0s3JVBhltbR1UYxVM1MX3zImV3BpPU0h8-NtW3jTNVqNkJFG_jZ6YCUhPHC_WQKE-OnOOK6-tkSHdF3jaiGW1ZhjnOn6Dvc7uhWij3iBmvcjKW80C07KO3-nzxiRlk&amp;__tn__=-UK-R&amp;c[0]=AT0zD4c7lIkZUvFYFa0gd4gSvvGy_gCUKcnuxQqR4IqCwmW14qTxyL3gn-sZHeRWNeiDtjHWPjF7KdyGplSHfgs7JvjkrXF0R9hPlLAm23IyXJlsV_CTozNZogW_xOCicSy6q5UcxxfWpStuPhdx0LT0wQ\" target=\"_blank\">https:\/\/www.youtube.com\/watch?v=BYwj9oP5ew0<\/a><\/p>\n\n\n\n<p>Sur la violence conjugale<\/p>\n\n\n\n<p><a rel=\"noreferrer noopener\" href=\"https:\/\/l.facebook.com\/l.php?u=https%3A%2F%2Fwww.arte.tv%2Ffr%2Fvideos%2F093261-000-A%2Fviolences-conjugales-ces-victimes-isolees%2F%3Ffbclid%3DIwAR23kzKtET1GW6tRhc5usW75dC-YH4ylSwwwnaR98n10NDe4qeLRKpGkGIA&amp;h=AT29LGh9WT2YI1OqIy1s4xC2zMlFsTaYIxDCcwg9D9Y8KOIpRKhqQW9kF7_zBkxD1FWMQgmt-sL_z0W77Aoofz95jOH03X1AdhRHhnzgR48BTYGX2dfUbaWWNKNOWMteMacL2RU&amp;__tn__=-UK-R&amp;c[0]=AT0zD4c7lIkZUvFYFa0gd4gSvvGy_gCUKcnuxQqR4IqCwmW14qTxyL3gn-sZHeRWNeiDtjHWPjF7KdyGplSHfgs7JvjkrXF0R9hPlLAm23IyXJlsV_CTozNZogW_xOCicSy6q5UcxxfWpStuPhdx0LT0wQ\" target=\"_blank\">https:\/\/www.arte.tv\/&#8230;\/violences-conjugales-ces&#8230;\/<\/a><\/p>\n\n\n\n<p>Sur les violences \u00e0 l\u2019\u00e9gard des femmes ou en g\u00e9n\u00e9ral<\/p>\n\n\n\n<p><a rel=\"noreferrer noopener\" href=\"https:\/\/l.facebook.com\/l.php?u=https%3A%2F%2Fwww.arte.tv%2Ffr%2Fvideos%2F084820-002-A%2Fviolences-1-femme-sur-3-victime-en-europe%2F%3Ffbclid%3DIwAR28AE10FTVCYsKtkcChlsUT-UQZtWkByCBFTnBTg8eG532zxXH8iYtN3eo&amp;h=AT2kfMe3LJjKnUAczH7_97s3tdHPqvZy6s2uFsF1lDVacJmfyIIv-gyDgYNNIgkNDQBwscLRkcv6uxIzAh_s_b249UGyqjcDuBttKV8nWa1EY0m9G4ech6FaDxRRp6dbNLn49jc&amp;__tn__=-UK-R&amp;c[0]=AT0zD4c7lIkZUvFYFa0gd4gSvvGy_gCUKcnuxQqR4IqCwmW14qTxyL3gn-sZHeRWNeiDtjHWPjF7KdyGplSHfgs7JvjkrXF0R9hPlLAm23IyXJlsV_CTozNZogW_xOCicSy6q5UcxxfWpStuPhdx0LT0wQ\" target=\"_blank\">https:\/\/www.arte.tv\/&#8230;\/violences-1-femme-sur-3-victime&#8230;\/<\/a><a rel=\"noreferrer noopener\" href=\"https:\/\/l.facebook.com\/l.php?u=https%3A%2F%2Farretonslesviolences.gouv.fr%2Fje-suis-professionnel%2Fles-paroles-d-expertes%3Ffbclid%3DIwAR1WAqwLXCRzvSo9PNanCjQnOmbCV8e4WgehhQxFDKM9PY0AibkpVfGWGWM%23les_consequences_psycho-traumatiques_des_violences_la_sideration%2C_la_dissociation%2C_la_memoire_traumatique3&amp;h=AT3api5z57SjfM_2ovpouAm9Ada2vTZEEr7GpkMFWPfk_T-WPsl0iu52Xe6ta3kH-alif9uDDtHA0UR3O7NvNy2d2lnUVeK5yN9G1s9PTmgeYryvkIviroOs1922967XeWNCC-U&amp;__tn__=-UK-R&amp;c[0]=AT0zD4c7lIkZUvFYFa0gd4gSvvGy_gCUKcnuxQqR4IqCwmW14qTxyL3gn-sZHeRWNeiDtjHWPjF7KdyGplSHfgs7JvjkrXF0R9hPlLAm23IyXJlsV_CTozNZogW_xOCicSy6q5UcxxfWpStuPhdx0LT0wQ\" target=\"_blank\">https:\/\/arretonslesviolences.gouv.fr\/&#8230;\/les-paroles-d&#8230;<\/a><\/p>\n\n\n\n<p><img loading=\"lazy\" decoding=\"async\" width=\"16\" height=\"16\" alt=\"\ud83d\udcd2\" src=\"https:\/\/static.xx.fbcdn.net\/images\/emoji.php\/v9\/t9a\/1\/16\/1f4d2.png\"><strong>Outils de formation<\/strong><\/p>\n\n\n\n<p><a rel=\"noreferrer noopener\" href=\"https:\/\/l.facebook.com\/l.php?u=https%3A%2F%2Farretonslesviolences.gouv.fr%2Fje-suis-professionnel%2Ftelechargements%3Ffbclid%3DIwAR3avrk2YNpFt6aHs-lskc05k7ocwDd0e9EYrVvEteQGhk_0MKXqk1cPBZU&amp;h=AT2M_kzNry-SFp3lnAgmDVerxLmAK71rNXaDBzGKChx6Z5lKU7Uh-Y9jT5D6DJwhHJoaM-nPDxAgznGIWOspBm1jvSe5T-bPo7j49wSAyjYFMvyiDdXsonG-Q_v0gRwj-0U2hAo&amp;__tn__=-UK-R&amp;c[0]=AT0zD4c7lIkZUvFYFa0gd4gSvvGy_gCUKcnuxQqR4IqCwmW14qTxyL3gn-sZHeRWNeiDtjHWPjF7KdyGplSHfgs7JvjkrXF0R9hPlLAm23IyXJlsV_CTozNZogW_xOCicSy6q5UcxxfWpStuPhdx0LT0wQ\" target=\"_blank\">https:\/\/arretonslesviolences.gouv.fr\/je&#8230;\/telechargements<\/a><img loading=\"lazy\" decoding=\"async\" alt=\"\ud83c\udfa7\" src=\"https:\/\/static.xx.fbcdn.net\/images\/emoji.php\/v9\/t1\/1\/16\/1f3a7.png\" width=\"16\" height=\"16\"> <\/p>\n\n\n\n<p>Podcasts<\/p>\n\n\n\n<p><a rel=\"noreferrer noopener\" href=\"https:\/\/l.facebook.com\/l.php?u=https%3A%2F%2Fwww.franceculture.fr%2Femissions%2Fl-invite-e-des-matins%2Fviolences-faites-aux-femmes-du-discours-a-l-action-publique-avec-p-delage-f-mar-et-d-mottier%3Ffbclid%3DIwAR2zILZHsC_2tQ62iFBDa614u9C3JeKgHemrYJ8XybcANa5717vnH5wMgMs&amp;h=AT32dqe2FA6pNZYOMLqc5zpx3GdycGCeCIW7AL47yhjJDKCL89i8uRL5Q49FG8XEbKjaoO82m7a9du7eiu5lN6xoDEiCL-K3OfSnye5Vqwqfi3EErGPIbNnQqT_QY8rgEVbwX5s&amp;__tn__=-UK-R&amp;c[0]=AT0zD4c7lIkZUvFYFa0gd4gSvvGy_gCUKcnuxQqR4IqCwmW14qTxyL3gn-sZHeRWNeiDtjHWPjF7KdyGplSHfgs7JvjkrXF0R9hPlLAm23IyXJlsV_CTozNZogW_xOCicSy6q5UcxxfWpStuPhdx0LT0wQ\" target=\"_blank\">https:\/\/www.franceculture.fr\/&#8230;\/violences-faites-aux&#8230;<\/a> (43 min)<\/p>\n\n\n\n<p><a rel=\"noreferrer noopener\" href=\"https:\/\/l.facebook.com\/l.php?u=https%3A%2F%2Fwww.franceculture.fr%2Femissions%2Fla-question-du-jour%2Ffeminicides-comment-proteger-les-victimes-de-violences%3Ffbclid%3DIwAR28qi_9LbauOd-UaKgQAnZPwwBsxXMGa17bkz4nwI0bL_W6wix4oQ1iPNQ&amp;h=AT1plJVLJspv-h0y8zpICMPMEy_ZtmMUtqHhjEJdTCHLR_rkiaL3P4z3RHnHwj61N93NiojJR0pMdOSuut6Ds8TBANzlEGDGpBywRhCUJgE6lH--b5TJewz_e7I6y2W2Ke-8jV0&amp;__tn__=-UK-R&amp;c[0]=AT0zD4c7lIkZUvFYFa0gd4gSvvGy_gCUKcnuxQqR4IqCwmW14qTxyL3gn-sZHeRWNeiDtjHWPjF7KdyGplSHfgs7JvjkrXF0R9hPlLAm23IyXJlsV_CTozNZogW_xOCicSy6q5UcxxfWpStuPhdx0LT0wQ\" target=\"_blank\">https:\/\/www.franceculture.fr\/&#8230;\/feminicides-comment&#8230;<\/a> (7 min)<\/p>\n\n\n\n<p><a rel=\"noreferrer noopener\" href=\"https:\/\/l.facebook.com\/l.php?u=https%3A%2F%2Fwww.franceculture.fr%2Fsociete%2Fcomment-soigner-les-victimes-dinceste-entretien-avec-la-psychiatre-muriel-salmona%3Ffbclid%3DIwAR0iS0nfoTkywyctG7WxBuUUMer1xRi3UL1HWzbVERBgfs01VcrKapj8r5A&amp;h=AT07OmpdESvfsvYjirUCaPNe8Yaw3RxvZ2bm5FV2aGFmBcTWQW3UVVil3qEBGZDP7CacSCjsJC71m--0kFW1S8D3j9jfIChHMT5xShxFv5xH9nN468eLWuyi6AibTwBrRbv1oHI&amp;__tn__=-UK-R&amp;c[0]=AT0zD4c7lIkZUvFYFa0gd4gSvvGy_gCUKcnuxQqR4IqCwmW14qTxyL3gn-sZHeRWNeiDtjHWPjF7KdyGplSHfgs7JvjkrXF0R9hPlLAm23IyXJlsV_CTozNZogW_xOCicSy6q5UcxxfWpStuPhdx0LT0wQ\" target=\"_blank\">https:\/\/www.franceculture.fr\/&#8230;\/comment-soigner-les&#8230;<\/a><a rel=\"noreferrer noopener\" href=\"https:\/\/l.facebook.com\/l.php?u=https%3A%2F%2Fwww.leseclaireuses.com%2Fnews%2Fje-te-crois-le-podcast-poignant-qui-vient-en-aide-aux-femmes-victimes-de-violences-conjuguales.html%3Ffbclid%3DIwAR28AE10FTVCYsKtkcChlsUT-UQZtWkByCBFTnBTg8eG532zxXH8iYtN3eo&amp;h=AT3FJbteZJ1TWQaSJ45Ay99DNpZRcMrq01y-77LiUCObtQ71TzPYt8ft7mtVlIpereU-7u-3VrH66vdULcKlDRpwQJ7Svhxv0-Dltwl7Nc39xg-Z0HaDb5FXRoOyNi9qTRfKIdM&amp;__tn__=-UK-R&amp;c[0]=AT0zD4c7lIkZUvFYFa0gd4gSvvGy_gCUKcnuxQqR4IqCwmW14qTxyL3gn-sZHeRWNeiDtjHWPjF7KdyGplSHfgs7JvjkrXF0R9hPlLAm23IyXJlsV_CTozNZogW_xOCicSy6q5UcxxfWpStuPhdx0LT0wQ\" target=\"_blank\">https:\/\/www.leseclaireuses.com\/&#8230;\/je-te-crois-le-podcast&#8230;<\/a><\/p>\n\n\n\n<p>(s\u00e9rie podcast sur les violences conjugales)<\/p>\n\n\n\n<p><a rel=\"noreferrer noopener\" href=\"https:\/\/l.facebook.com\/l.php?u=https%3A%2F%2Fmetadechoc.fr%2Fpodcast%2Fsexualite-un-monde-de-croyances%2F%3Ffbclid%3DIwAR2R3hVYK9sQ3xXQ_4SBA-nn_rlO3un-U5bMdkpqvuZvTSEfW8Wt7uMXdoc&amp;h=AT0gHmXi42mkg14Lq1JzMzIHuo8cM7hW-SD0XzxMdpnYRc6LUO_5jDJk-MvIDv57Y1Smb5tOgDpqDvnO1oGIK2RosrwTVDQ2ZJdg4xnug4MH9kpJO-t6U0uGa-I--KEWav93tMA&amp;__tn__=-UK-R&amp;c[0]=AT0zD4c7lIkZUvFYFa0gd4gSvvGy_gCUKcnuxQqR4IqCwmW14qTxyL3gn-sZHeRWNeiDtjHWPjF7KdyGplSHfgs7JvjkrXF0R9hPlLAm23IyXJlsV_CTozNZogW_xOCicSy6q5UcxxfWpStuPhdx0LT0wQ\" target=\"_blank\">https:\/\/metadechoc.fr\/&#8230;\/sexualite-un-monde-de-croyances\/<\/a><a rel=\"noreferrer noopener\" href=\"https:\/\/www.binge.audio\/podcast\/les-couilles-sur-la-table?fbclid=IwAR0Ok7aaylrVRTTNwBMULHE7aKyuI60Yf71fzgsAtWCn7x_ORWxye5VIFDU\" target=\"_blank\">https:\/\/www.binge.audio\/podcast\/les-couilles-sur-la-table<\/a><\/p>\n\n\n\n<p><img loading=\"lazy\" decoding=\"async\" width=\"16\" height=\"16\" alt=\"\ud83d\udd8d\" src=\"https:\/\/static.xx.fbcdn.net\/images\/emoji.php\/v9\/tb9\/1\/16\/1f58d.png\"><strong>BD sur la culture du viol<\/strong><\/p>\n\n\n\n<p><a rel=\"noreferrer noopener\" href=\"https:\/\/l.facebook.com\/l.php?u=https%3A%2F%2Fwww.huffingtonpost.fr%2F2017%2F11%2F27%2Fla-culture-du-viol-expliquee-par-la-dessinatrice-emma_a_23288926%2F%3Ffbclid%3DIwAR08j4RoE5YqTKh_64_Dbw5RerWlVzqTIe7LpZ2Va-pMY8szhqQbMANR86M&amp;h=AT2fD_BCoQ2xhJI29d5R4TKQ_BOSJSbTxGZkE_qCsq1vsJ3w2xlkGXCS5Yqrc33pI5f1RTcmRhaEqX0OKwYoaNXrCbV7YNLkZCxtg5trnl2pJu0xgeRHKPgCuUkOCjuH7btahxQ&amp;__tn__=-UK-R&amp;c[0]=AT0zD4c7lIkZUvFYFa0gd4gSvvGy_gCUKcnuxQqR4IqCwmW14qTxyL3gn-sZHeRWNeiDtjHWPjF7KdyGplSHfgs7JvjkrXF0R9hPlLAm23IyXJlsV_CTozNZogW_xOCicSy6q5UcxxfWpStuPhdx0LT0wQ\" target=\"_blank\">https:\/\/www.huffingtonpost.fr\/&#8230;\/la-culture-du-viol&#8230;\/<\/a><\/p>\n\n\n\n<p><img loading=\"lazy\" decoding=\"async\" width=\"16\" height=\"16\" alt=\"\ud83c\udf99\" src=\"https:\/\/static.xx.fbcdn.net\/images\/emoji.php\/v9\/t2b\/1\/16\/1f399.png\"><strong>Tedx sur le viol<\/strong><\/p>\n\n\n\n<p><a rel=\"noreferrer noopener\" href=\"https:\/\/l.facebook.com\/l.php?u=https%3A%2F%2Fwww.youtube.com%2Fwatch%3Fv%3DV6S0Z7hLORE%26fbclid%3DIwAR2zILZHsC_2tQ62iFBDa614u9C3JeKgHemrYJ8XybcANa5717vnH5wMgMs&amp;h=AT1Five8BacDERPmP-lby0Mfr10dfy7LfteKs89GmiFJUGS0luKT44ZF594b13GJcDFyUtbfTpcYYDWZvO3eofCeccGOeyO7JiIBWrmjmD2bwOx6yigceVO4y6NNDt89O2UPzjU&amp;__tn__=-UK-R&amp;c[0]=AT0zD4c7lIkZUvFYFa0gd4gSvvGy_gCUKcnuxQqR4IqCwmW14qTxyL3gn-sZHeRWNeiDtjHWPjF7KdyGplSHfgs7JvjkrXF0R9hPlLAm23IyXJlsV_CTozNZogW_xOCicSy6q5UcxxfWpStuPhdx0LT0wQ\" target=\"_blank\">https:\/\/www.youtube.com\/watch?v=V6S0Z7hLORE<\/a><\/p>\n\n\n\n<p><img loading=\"lazy\" decoding=\"async\" width=\"16\" height=\"16\" alt=\"\ud83e\uddcf\u200d\u2640\ufe0f\" src=\"https:\/\/static.xx.fbcdn.net\/images\/emoji.php\/v9\/ta2\/1\/16\/1f9cf_200d_2640.png\"> <strong>Plaidoyer sur les mythes autour du viol<\/strong><\/p>\n\n\n\n<p><a rel=\"noreferrer noopener\" href=\"https:\/\/l.facebook.com\/l.php?u=https%3A%2F%2Fvimeo.com%2F653500342%3Ffbclid%3DIwAR3oJwQ04Nrr3pKa8YRGCVpdRm_ovxuZHGlg0ALMG2YcRYW3TiJM13Kc1TQ&amp;h=AT3zURAZ8hU0sgpONEecqoDJGNY7zWLW-2Za6CqXL84yl7njEYQ65d4lmF_WsPfDDyFXmbp1NpxOhsGw_iRoiiN8_RoQHC5G_yUvOhpv-5Hb5IVFSgvVe5FGofi7ppUETLFc8uQ&amp;__tn__=-UK-R&amp;c[0]=AT0zD4c7lIkZUvFYFa0gd4gSvvGy_gCUKcnuxQqR4IqCwmW14qTxyL3gn-sZHeRWNeiDtjHWPjF7KdyGplSHfgs7JvjkrXF0R9hPlLAm23IyXJlsV_CTozNZogW_xOCicSy6q5UcxxfWpStuPhdx0LT0wQ\" target=\"_blank\">https:\/\/vimeo.com\/653500342<\/a><\/p>\n","protected":false},"excerpt":{"rendered":"<p>J\u2019entends r\u00e9guli\u00e8rement qu\u2019une victime de violence serait en partie responsable de ce qu\u2019elle subit, ou a subi. De la bouche d\u2019inconnus, de connaissances, d\u2019amis, de th\u00e9rapeutes, hommes ou femmes. Cette id\u00e9e est assez suffisamment ancr\u00e9e pour \u00eatre r\u00e9p\u00e9t\u00e9e, souvent sans argumentation, comme le sont les croyances. Ce texte ne juge personne, il est au contraire &hellip; <\/p>\n","protected":false},"author":1,"featured_media":30,"comment_status":"closed","ping_status":"open","sticky":false,"template":"","format":"standard","meta":{"footnotes":""},"categories":[17,4],"tags":[11,12,10],"class_list":["post-1","post","type-post","status-publish","format-standard","has-post-thumbnail","hentry","category-mes-articles","category-violences","tag-responsabilite","tag-victim-blaming","tag-violences"],"yoast_head":"<!-- This site is optimized with the Yoast SEO plugin v20.4 - https:\/\/yoast.com\/wordpress\/plugins\/seo\/ -->\n<title>Les victimes de violences sont-elles en partie responsables de ce qu&#039;elles subissent ? (spoiler : non ! non ! et non !) - Elle l&#039;a bien cherch\u00e9 !?<\/title>\n<meta name=\"robots\" content=\"index, follow, max-snippet:-1, max-image-preview:large, max-video-preview:-1\" \/>\n<link rel=\"canonical\" href=\"https:\/\/ellelabiencherche.com\/index.php\/2022\/01\/09\/responsabilite-des-victimes\/\" \/>\n<meta property=\"og:locale\" content=\"fr_FR\" \/>\n<meta property=\"og:type\" content=\"article\" \/>\n<meta property=\"og:title\" content=\"Les victimes de violences sont-elles en partie responsables de ce qu&#039;elles subissent ? (spoiler : non ! non ! et non !) - Elle l&#039;a bien cherch\u00e9 !?\" \/>\n<meta property=\"og:description\" content=\"J\u2019entends r\u00e9guli\u00e8rement qu\u2019une victime de violence serait en partie responsable de ce qu\u2019elle subit, ou a subi. De la bouche d\u2019inconnus, de connaissances, d\u2019amis, de th\u00e9rapeutes, hommes ou femmes. Cette id\u00e9e est assez suffisamment ancr\u00e9e pour \u00eatre r\u00e9p\u00e9t\u00e9e, souvent sans argumentation, comme le sont les croyances. Ce texte ne juge personne, il est au contraire &hellip;\" \/>\n<meta property=\"og:url\" content=\"https:\/\/ellelabiencherche.com\/index.php\/2022\/01\/09\/responsabilite-des-victimes\/\" \/>\n<meta property=\"og:site_name\" content=\"Elle l&#039;a bien cherch\u00e9 !?\" \/>\n<meta property=\"article:publisher\" content=\"https:\/\/www.facebook.com\/ellelabiencherche\" \/>\n<meta property=\"article:published_time\" content=\"2022-01-09T13:34:17+00:00\" \/>\n<meta property=\"article:modified_time\" content=\"2025-01-17T01:46:29+00:00\" \/>\n<meta property=\"og:image\" content=\"https:\/\/ellelabiencherche.com\/wp-content\/uploads\/2022\/01\/Capture-de\u0301cran-2022-01-11-a\u0300-09.55.48.png\" \/>\n\t<meta property=\"og:image:width\" content=\"1705\" \/>\n\t<meta property=\"og:image:height\" content=\"840\" \/>\n\t<meta property=\"og:image:type\" content=\"image\/png\" \/>\n<meta name=\"author\" content=\"Ellelabiencherche\" \/>\n<meta name=\"twitter:card\" content=\"summary_large_image\" \/>\n<meta name=\"twitter:label1\" content=\"\u00c9crit par\" \/>\n\t<meta name=\"twitter:data1\" content=\"Ellelabiencherche\" \/>\n\t<meta name=\"twitter:label2\" content=\"Dur\u00e9e de lecture estim\u00e9e\" \/>\n\t<meta name=\"twitter:data2\" content=\"28 minutes\" \/>\n<script type=\"application\/ld+json\" class=\"yoast-schema-graph\">{\"@context\":\"https:\/\/schema.org\",\"@graph\":[{\"@type\":\"Article\",\"@id\":\"https:\/\/ellelabiencherche.com\/index.php\/2022\/01\/09\/responsabilite-des-victimes\/#article\",\"isPartOf\":{\"@id\":\"https:\/\/ellelabiencherche.com\/index.php\/2022\/01\/09\/responsabilite-des-victimes\/\"},\"author\":{\"name\":\"Ellelabiencherche\",\"@id\":\"https:\/\/ellelabiencherche.com\/#\/schema\/person\/5e8873906d1eaa3e53b10ec9da970243\"},\"headline\":\"Les victimes de violences sont-elles en partie responsables de ce qu&#8217;elles subissent ? (spoiler : non ! non ! et non !)\",\"datePublished\":\"2022-01-09T13:34:17+00:00\",\"dateModified\":\"2025-01-17T01:46:29+00:00\",\"mainEntityOfPage\":{\"@id\":\"https:\/\/ellelabiencherche.com\/index.php\/2022\/01\/09\/responsabilite-des-victimes\/\"},\"wordCount\":4552,\"publisher\":{\"@id\":\"https:\/\/ellelabiencherche.com\/#organization\"},\"keywords\":[\"responsabilit\u00e9\",\"victim blaming\",\"violences\"],\"articleSection\":[\"Mes articles\",\"Violences\"],\"inLanguage\":\"fr-FR\"},{\"@type\":\"WebPage\",\"@id\":\"https:\/\/ellelabiencherche.com\/index.php\/2022\/01\/09\/responsabilite-des-victimes\/\",\"url\":\"https:\/\/ellelabiencherche.com\/index.php\/2022\/01\/09\/responsabilite-des-victimes\/\",\"name\":\"Les victimes de violences sont-elles en partie responsables de ce qu'elles subissent ? (spoiler : non ! non ! et non !) - Elle l&#039;a bien cherch\u00e9 !?\",\"isPartOf\":{\"@id\":\"https:\/\/ellelabiencherche.com\/#website\"},\"datePublished\":\"2022-01-09T13:34:17+00:00\",\"dateModified\":\"2025-01-17T01:46:29+00:00\",\"breadcrumb\":{\"@id\":\"https:\/\/ellelabiencherche.com\/index.php\/2022\/01\/09\/responsabilite-des-victimes\/#breadcrumb\"},\"inLanguage\":\"fr-FR\",\"potentialAction\":[{\"@type\":\"ReadAction\",\"target\":[\"https:\/\/ellelabiencherche.com\/index.php\/2022\/01\/09\/responsabilite-des-victimes\/\"]}]},{\"@type\":\"BreadcrumbList\",\"@id\":\"https:\/\/ellelabiencherche.com\/index.php\/2022\/01\/09\/responsabilite-des-victimes\/#breadcrumb\",\"itemListElement\":[{\"@type\":\"ListItem\",\"position\":1,\"name\":\"Accueil\",\"item\":\"https:\/\/ellelabiencherche.com\/\"},{\"@type\":\"ListItem\",\"position\":2,\"name\":\"Les victimes de violences sont-elles en partie responsables de ce qu&#8217;elles subissent ? (spoiler : non ! non ! et non !)\"}]},{\"@type\":\"WebSite\",\"@id\":\"https:\/\/ellelabiencherche.com\/#website\",\"url\":\"https:\/\/ellelabiencherche.com\/\",\"name\":\"Elle l&#039;a bien cherch\u00e9 !?\",\"description\":\"Formation et sensibilisation - \u00c9galit\u00e9 femmes\/hommes - Lutte contre le sexisme - Fresque du sexisme\",\"publisher\":{\"@id\":\"https:\/\/ellelabiencherche.com\/#organization\"},\"potentialAction\":[{\"@type\":\"SearchAction\",\"target\":{\"@type\":\"EntryPoint\",\"urlTemplate\":\"https:\/\/ellelabiencherche.com\/?s={search_term_string}\"},\"query-input\":\"required name=search_term_string\"}],\"inLanguage\":\"fr-FR\"},{\"@type\":\"Organization\",\"@id\":\"https:\/\/ellelabiencherche.com\/#organization\",\"name\":\"Elle l'a bien cherch\u00e9 !\",\"url\":\"https:\/\/ellelabiencherche.com\/\",\"logo\":{\"@type\":\"ImageObject\",\"inLanguage\":\"fr-FR\",\"@id\":\"https:\/\/ellelabiencherche.com\/#\/schema\/logo\/image\/\",\"url\":\"https:\/\/ellelabiencherche.com\/wp-content\/uploads\/2022\/06\/blog-Couverture-Facebook3.jpeg\",\"contentUrl\":\"https:\/\/ellelabiencherche.com\/wp-content\/uploads\/2022\/06\/blog-Couverture-Facebook3.jpeg\",\"width\":851,\"height\":315,\"caption\":\"Elle l'a bien cherch\u00e9 !\"},\"image\":{\"@id\":\"https:\/\/ellelabiencherche.com\/#\/schema\/logo\/image\/\"},\"sameAs\":[\"https:\/\/www.facebook.com\/ellelabiencherche\",\"https:\/\/www.instagram.com\/ellelabiencherche\/\"]},{\"@type\":\"Person\",\"@id\":\"https:\/\/ellelabiencherche.com\/#\/schema\/person\/5e8873906d1eaa3e53b10ec9da970243\",\"name\":\"Ellelabiencherche\",\"image\":{\"@type\":\"ImageObject\",\"inLanguage\":\"fr-FR\",\"@id\":\"https:\/\/ellelabiencherche.com\/#\/schema\/person\/image\/\",\"url\":\"https:\/\/secure.gravatar.com\/avatar\/5f17d17e4a2b501108620635a6e3efa24ad926d9f0348bafe042c86dc4fd6f97?s=96&d=mm&r=g\",\"contentUrl\":\"https:\/\/secure.gravatar.com\/avatar\/5f17d17e4a2b501108620635a6e3efa24ad926d9f0348bafe042c86dc4fd6f97?s=96&d=mm&r=g\",\"caption\":\"Ellelabiencherche\"},\"sameAs\":[\"http:\/\/ellelabiencherche.com\"],\"url\":\"https:\/\/ellelabiencherche.com\/index.php\/author\/gueno\/\"}]}<\/script>\n<!-- \/ Yoast SEO plugin. -->","yoast_head_json":{"title":"Les victimes de violences sont-elles en partie responsables de ce qu'elles subissent ? (spoiler : non ! non ! et non !) - Elle l&#039;a bien cherch\u00e9 !?","robots":{"index":"index","follow":"follow","max-snippet":"max-snippet:-1","max-image-preview":"max-image-preview:large","max-video-preview":"max-video-preview:-1"},"canonical":"https:\/\/ellelabiencherche.com\/index.php\/2022\/01\/09\/responsabilite-des-victimes\/","og_locale":"fr_FR","og_type":"article","og_title":"Les victimes de violences sont-elles en partie responsables de ce qu'elles subissent ? (spoiler : non ! non ! et non !) - Elle l&#039;a bien cherch\u00e9 !?","og_description":"J\u2019entends r\u00e9guli\u00e8rement qu\u2019une victime de violence serait en partie responsable de ce qu\u2019elle subit, ou a subi. De la bouche d\u2019inconnus, de connaissances, d\u2019amis, de th\u00e9rapeutes, hommes ou femmes. Cette id\u00e9e est assez suffisamment ancr\u00e9e pour \u00eatre r\u00e9p\u00e9t\u00e9e, souvent sans argumentation, comme le sont les croyances. Ce texte ne juge personne, il est au contraire &hellip;","og_url":"https:\/\/ellelabiencherche.com\/index.php\/2022\/01\/09\/responsabilite-des-victimes\/","og_site_name":"Elle l&#039;a bien cherch\u00e9 !?","article_publisher":"https:\/\/www.facebook.com\/ellelabiencherche","article_published_time":"2022-01-09T13:34:17+00:00","article_modified_time":"2025-01-17T01:46:29+00:00","og_image":[{"width":1705,"height":840,"url":"https:\/\/ellelabiencherche.com\/wp-content\/uploads\/2022\/01\/Capture-de\u0301cran-2022-01-11-a\u0300-09.55.48.png","type":"image\/png"}],"author":"Ellelabiencherche","twitter_card":"summary_large_image","twitter_misc":{"\u00c9crit par":"Ellelabiencherche","Dur\u00e9e de lecture estim\u00e9e":"28 minutes"},"schema":{"@context":"https:\/\/schema.org","@graph":[{"@type":"Article","@id":"https:\/\/ellelabiencherche.com\/index.php\/2022\/01\/09\/responsabilite-des-victimes\/#article","isPartOf":{"@id":"https:\/\/ellelabiencherche.com\/index.php\/2022\/01\/09\/responsabilite-des-victimes\/"},"author":{"name":"Ellelabiencherche","@id":"https:\/\/ellelabiencherche.com\/#\/schema\/person\/5e8873906d1eaa3e53b10ec9da970243"},"headline":"Les victimes de violences sont-elles en partie responsables de ce qu&#8217;elles subissent ? (spoiler : non ! non ! et non !)","datePublished":"2022-01-09T13:34:17+00:00","dateModified":"2025-01-17T01:46:29+00:00","mainEntityOfPage":{"@id":"https:\/\/ellelabiencherche.com\/index.php\/2022\/01\/09\/responsabilite-des-victimes\/"},"wordCount":4552,"publisher":{"@id":"https:\/\/ellelabiencherche.com\/#organization"},"keywords":["responsabilit\u00e9","victim blaming","violences"],"articleSection":["Mes articles","Violences"],"inLanguage":"fr-FR"},{"@type":"WebPage","@id":"https:\/\/ellelabiencherche.com\/index.php\/2022\/01\/09\/responsabilite-des-victimes\/","url":"https:\/\/ellelabiencherche.com\/index.php\/2022\/01\/09\/responsabilite-des-victimes\/","name":"Les victimes de violences sont-elles en partie responsables de ce qu'elles subissent ? (spoiler : non ! non ! et non !) - Elle l&#039;a bien cherch\u00e9 !?","isPartOf":{"@id":"https:\/\/ellelabiencherche.com\/#website"},"datePublished":"2022-01-09T13:34:17+00:00","dateModified":"2025-01-17T01:46:29+00:00","breadcrumb":{"@id":"https:\/\/ellelabiencherche.com\/index.php\/2022\/01\/09\/responsabilite-des-victimes\/#breadcrumb"},"inLanguage":"fr-FR","potentialAction":[{"@type":"ReadAction","target":["https:\/\/ellelabiencherche.com\/index.php\/2022\/01\/09\/responsabilite-des-victimes\/"]}]},{"@type":"BreadcrumbList","@id":"https:\/\/ellelabiencherche.com\/index.php\/2022\/01\/09\/responsabilite-des-victimes\/#breadcrumb","itemListElement":[{"@type":"ListItem","position":1,"name":"Accueil","item":"https:\/\/ellelabiencherche.com\/"},{"@type":"ListItem","position":2,"name":"Les victimes de violences sont-elles en partie responsables de ce qu&#8217;elles subissent ? (spoiler : non ! non ! et non !)"}]},{"@type":"WebSite","@id":"https:\/\/ellelabiencherche.com\/#website","url":"https:\/\/ellelabiencherche.com\/","name":"Elle l&#039;a bien cherch\u00e9 !?","description":"Formation et sensibilisation - \u00c9galit\u00e9 femmes\/hommes - Lutte contre le sexisme - Fresque du sexisme","publisher":{"@id":"https:\/\/ellelabiencherche.com\/#organization"},"potentialAction":[{"@type":"SearchAction","target":{"@type":"EntryPoint","urlTemplate":"https:\/\/ellelabiencherche.com\/?s={search_term_string}"},"query-input":"required name=search_term_string"}],"inLanguage":"fr-FR"},{"@type":"Organization","@id":"https:\/\/ellelabiencherche.com\/#organization","name":"Elle l'a bien cherch\u00e9 !","url":"https:\/\/ellelabiencherche.com\/","logo":{"@type":"ImageObject","inLanguage":"fr-FR","@id":"https:\/\/ellelabiencherche.com\/#\/schema\/logo\/image\/","url":"https:\/\/ellelabiencherche.com\/wp-content\/uploads\/2022\/06\/blog-Couverture-Facebook3.jpeg","contentUrl":"https:\/\/ellelabiencherche.com\/wp-content\/uploads\/2022\/06\/blog-Couverture-Facebook3.jpeg","width":851,"height":315,"caption":"Elle l'a bien cherch\u00e9 !"},"image":{"@id":"https:\/\/ellelabiencherche.com\/#\/schema\/logo\/image\/"},"sameAs":["https:\/\/www.facebook.com\/ellelabiencherche","https:\/\/www.instagram.com\/ellelabiencherche\/"]},{"@type":"Person","@id":"https:\/\/ellelabiencherche.com\/#\/schema\/person\/5e8873906d1eaa3e53b10ec9da970243","name":"Ellelabiencherche","image":{"@type":"ImageObject","inLanguage":"fr-FR","@id":"https:\/\/ellelabiencherche.com\/#\/schema\/person\/image\/","url":"https:\/\/secure.gravatar.com\/avatar\/5f17d17e4a2b501108620635a6e3efa24ad926d9f0348bafe042c86dc4fd6f97?s=96&d=mm&r=g","contentUrl":"https:\/\/secure.gravatar.com\/avatar\/5f17d17e4a2b501108620635a6e3efa24ad926d9f0348bafe042c86dc4fd6f97?s=96&d=mm&r=g","caption":"Ellelabiencherche"},"sameAs":["http:\/\/ellelabiencherche.com"],"url":"https:\/\/ellelabiencherche.com\/index.php\/author\/gueno\/"}]}},"_links":{"self":[{"href":"https:\/\/ellelabiencherche.com\/index.php\/wp-json\/wp\/v2\/posts\/1","targetHints":{"allow":["GET"]}}],"collection":[{"href":"https:\/\/ellelabiencherche.com\/index.php\/wp-json\/wp\/v2\/posts"}],"about":[{"href":"https:\/\/ellelabiencherche.com\/index.php\/wp-json\/wp\/v2\/types\/post"}],"author":[{"embeddable":true,"href":"https:\/\/ellelabiencherche.com\/index.php\/wp-json\/wp\/v2\/users\/1"}],"replies":[{"embeddable":true,"href":"https:\/\/ellelabiencherche.com\/index.php\/wp-json\/wp\/v2\/comments?post=1"}],"version-history":[{"count":6,"href":"https:\/\/ellelabiencherche.com\/index.php\/wp-json\/wp\/v2\/posts\/1\/revisions"}],"predecessor-version":[{"id":213,"href":"https:\/\/ellelabiencherche.com\/index.php\/wp-json\/wp\/v2\/posts\/1\/revisions\/213"}],"wp:featuredmedia":[{"embeddable":true,"href":"https:\/\/ellelabiencherche.com\/index.php\/wp-json\/wp\/v2\/media\/30"}],"wp:attachment":[{"href":"https:\/\/ellelabiencherche.com\/index.php\/wp-json\/wp\/v2\/media?parent=1"}],"wp:term":[{"taxonomy":"category","embeddable":true,"href":"https:\/\/ellelabiencherche.com\/index.php\/wp-json\/wp\/v2\/categories?post=1"},{"taxonomy":"post_tag","embeddable":true,"href":"https:\/\/ellelabiencherche.com\/index.php\/wp-json\/wp\/v2\/tags?post=1"}],"curies":[{"name":"wp","href":"https:\/\/api.w.org\/{rel}","templated":true}]}}